{"id":1469,"date":"2025-02-05T15:25:35","date_gmt":"2025-02-05T14:25:35","guid":{"rendered":"https:\/\/wakacje-we-francji.pl\/?p=1469"},"modified":"2025-04-01T14:37:04","modified_gmt":"2025-04-01T12:37:04","slug":"katedra-notre-dame","status":"publish","type":"post","link":"https:\/\/wakacje-we-francji.pl\/en\/katedra-notre-dame\/","title":{"rendered":"Tour of Notre Dame Cathedral"},"content":{"rendered":"<div class=\"wp-block-uagb-advanced-heading uagb-block-063b2ece\"><h2 class=\"uagb-heading-text\">Zwiedzanie Katedry Notre-Dame w Pary\u017cu<\/h2><\/div>\n\n\n\n<div class=\"wp-block-columns is-layout-flex wp-container-core-columns-is-layout-28f84493 wp-block-columns-is-layout-flex\">\n<div class=\"wp-block-column is-layout-flow wp-block-column-is-layout-flow\">\n<figure class=\"wp-block-image size-full\"><a href=\"https:\/\/resa.notredamedeparis.fr\/en\/reservationindividuelle\/tickets\"><img fetchpriority=\"high\" decoding=\"async\" width=\"600\" height=\"440\" src=\"https:\/\/wakacje-we-francji.pl\/wp-content\/uploads\/2025\/02\/katedra.jpeg\" alt=\"\" class=\"wp-image-1470\" srcset=\"https:\/\/wakacje-we-francji.pl\/wp-content\/uploads\/2025\/02\/katedra.jpeg 600w, https:\/\/wakacje-we-francji.pl\/wp-content\/uploads\/2025\/02\/katedra-300x220.jpeg 300w, https:\/\/wakacje-we-francji.pl\/wp-content\/uploads\/2025\/02\/katedra-16x12.jpeg 16w\" sizes=\"(max-width: 600px) 100vw, 600px\" \/><\/a><\/figure>\n<\/div>\n\n\n\n<div class=\"wp-block-column is-layout-flow wp-block-column-is-layout-flow\">\n<figure class=\"wp-block-image size-full\"><a href=\"https:\/\/resa.notredamedeparis.fr\/en\/reservationindividuelle\/tickets\"><img decoding=\"async\" width=\"600\" height=\"440\" src=\"https:\/\/wakacje-we-francji.pl\/wp-content\/uploads\/2025\/02\/katedra1.jpeg\" alt=\"\" class=\"wp-image-1471\" srcset=\"https:\/\/wakacje-we-francji.pl\/wp-content\/uploads\/2025\/02\/katedra1.jpeg 600w, https:\/\/wakacje-we-francji.pl\/wp-content\/uploads\/2025\/02\/katedra1-300x220.jpeg 300w, https:\/\/wakacje-we-francji.pl\/wp-content\/uploads\/2025\/02\/katedra1-16x12.jpeg 16w\" sizes=\"(max-width: 600px) 100vw, 600px\" \/><\/a><\/figure>\n<\/div>\n<\/div>\n\n\n\n<p>Pary\u017c to jedno z najch\u0119tniej odwiedzanych miast na \u015bwiecie, a jednym z jego najwi\u0119kszych symboli jest Katedra Notre-Dame. Po po\u017carze w 2019 roku \u015bwi\u0105tynia przesz\u0142a d\u0142ug\u0105 i skomplikowan\u0105 renowacj\u0119, ale na szcz\u0119\u015bcie ju\u017c nied\u0142ugo zn\u00f3w b\u0119dzie mo\u017cna j\u0105 podziwia\u0107 od \u015brodka. Je\u015bli planujesz podr\u00f3\u017c do stolicy Francji, to koniecznie uwzgl\u0119dnij w swoim harmonogramie wizyt\u0119 w tej wyj\u0105tkowej katedrze. Warto jednak pami\u0119ta\u0107, \u017ce najlepiej zarezerwowa\u0107 sobie miejsce online, aby unikn\u0105\u0107 kolejek i niepotrzebnego stresu.<\/p>\n\n\n\n<p><mark style=\"background-color:rgba(0, 0, 0, 0)\" class=\"has-inline-color has-ast-global-color-1-color\">Terminy otwarcia dla zwiedzaj\u0105cych<\/mark><br>Po latach prac renowacyjnych Katedra Notre-Dame w ko\u0144cu otworzy swoje drzwi dla odwiedzaj\u0105cych. Oto kluczowe daty:<br>Od 16 grudnia 2024 roku \u2013 katedra b\u0119dzie dost\u0119pna dla indywidualnych turyst\u00f3w oraz wiernych. \u015awi\u0105tynia b\u0119dzie otwarta codziennie od 7:45 do 19:00, a ka\u017cdego dnia odprawiane b\u0119d\u0105 trzy msze (w niedziele cztery).\u2028<br>Od marca 2025 roku \u2013 mo\u017cliwo\u015b\u0107 rezerwacji zwiedzania dla grup. Dotyczy to zar\u00f3wno grup kulturalnych, jak i nauczycieli oraz doros\u0142ych z legitymacjami zawodowymi.\u2028 Je\u015bli planujesz odwiedzi\u0107 katedr\u0119 w ramach grupy, warto \u015bledzi\u0107 aktualizacje dotycz\u0105ce rezerwacji i dost\u0119pno\u015bci miejsc.<\/p>\n\n\n\n<p><mark style=\"background-color:rgba(0, 0, 0, 0)\" class=\"has-inline-color has-ast-global-color-1-color\">Rezerwacja miejsc online \u2013 dlaczego warto?<\/mark><br>Ze wzgl\u0119du na du\u017ce zainteresowanie zwiedzaniem Notre-Dame, warto zawczasu zarezerwowa\u0107 bilet online. To rozwi\u0105zanie zapewnia:<br>Oszcz\u0119dno\u015b\u0107 czasu \u2013 unikniesz d\u0142ugich kolejek i niepewno\u015bci dotycz\u0105cej dost\u0119pno\u015bci wej\u015bci\u00f3wek.\u2028<br>Gwarancj\u0119 wej\u015bcia \u2013 szczeg\u00f3lnie w szczycie sezonu turystycznego mo\u017ce by\u0107 trudno dosta\u0107 si\u0119 do \u015brodka bez wcze\u015bniejszej rezerwacji.\u2028<br>Komfortowe zwiedzanie \u2013 rezerwacja online pozwala na wyb\u00f3r dogodnej godziny i unikni\u0119cie t\u0142um\u00f3w. <\/p>\n\n\n\n<div class=\"wp-block-buttons is-layout-flex wp-block-buttons-is-layout-flex\">\n<div class=\"wp-block-button\"><a class=\"wp-block-button__link wp-element-button\" href=\"https:\/\/resa.notredamedeparis.fr\/en\/reservationindividuelle\/tickets\">Zarezerwuj online<\/a><\/div>\n<\/div>\n\n\n\n<p><strong><mark style=\"background-color:rgba(0, 0, 0, 0)\" class=\"has-inline-color has-ast-global-color-1-color\">Planujesz wakacje w Pary\u017cu?<\/mark><\/strong><br>Je\u015bli chcesz by\u0107 cz\u0119\u015bci\u0105 historycznego ponownego otwarcia Notre-Dame, zaplanuj swoj\u0105 podr\u00f3\u017c z wyprzedzeniem. Zarezerwuj bilet online i ciesz si\u0119 niezapomnian\u0105 atmosfer\u0105 tego wyj\u0105tkowego miejsca!<\/p>\n\n\n\n<p><\/p>","protected":false},"excerpt":{"rendered":"<p>Zwiedzanie Katedry Notre-Dame w Pary\u017cu Pary\u017c to jedno z najch\u0119tniej odwiedzanych miast na \u015bwiecie, a jednym z jego najwi\u0119kszych symboli jest Katedra Notre-Dame. Po po\u017carze w 2019 roku \u015bwi\u0105tynia przesz\u0142a d\u0142ug\u0105 i skomplikowan\u0105 renowacj\u0119, ale na szcz\u0119\u015bcie ju\u017c nied\u0142ugo zn\u00f3w b\u0119dzie mo\u017cna j\u0105 podziwia\u0107 od \u015brodka. Je\u015bli planujesz podr\u00f3\u017c do stolicy Francji, to koniecznie uwzgl\u0119dnij [&hellip;]<\/p>","protected":false},"author":3,"featured_media":0,"comment_status":"closed","ping_status":"open","sticky":false,"template":"","format":"standard","meta":{"_uag_custom_page_level_css":"","footnotes":""},"categories":[20],"tags":[],"class_list":["post-1469","post","type-post","status-publish","format-standard","hentry","category-poradnik"],"uagb_featured_image_src":{"full":false,"thumbnail":false,"medium":false,"medium_large":false,"large":false,"1536x1536":false,"2048x2048":false,"trp-custom-language-flag":false},"uagb_author_info":{"display_name":"agnieszka","author_link":"https:\/\/wakacje-we-francji.pl\/en\/author\/agnieszka\/"},"uagb_comment_info":0,"uagb_excerpt":"Zwiedzanie Katedry Notre-Dame w Pary\u017cu Pary\u017c to jedno z najch\u0119tniej odwiedzanych miast na \u015bwiecie, a jednym z jego najwi\u0119kszych symboli jest Katedra Notre-Dame. Po po\u017carze w 2019 roku \u015bwi\u0105tynia przesz\u0142a d\u0142ug\u0105 i skomplikowan\u0105 renowacj\u0119, ale na szcz\u0119\u015bcie ju\u017c nied\u0142ugo zn\u00f3w b\u0119dzie mo\u017cna j\u0105 podziwia\u0107 od \u015brodka. Je\u015bli planujesz podr\u00f3\u017c do stolicy Francji, to koniecznie uwzgl\u0119dnij&hellip;","_links":{"self":[{"href":"https:\/\/wakacje-we-francji.pl\/en\/wp-json\/wp\/v2\/posts\/1469","targetHints":{"allow":["GET"]}}],"collection":[{"href":"https:\/\/wakacje-we-francji.pl\/en\/wp-json\/wp\/v2\/posts"}],"about":[{"href":"https:\/\/wakacje-we-francji.pl\/en\/wp-json\/wp\/v2\/types\/post"}],"author":[{"embeddable":true,"href":"https:\/\/wakacje-we-francji.pl\/en\/wp-json\/wp\/v2\/users\/3"}],"replies":[{"embeddable":true,"href":"https:\/\/wakacje-we-francji.pl\/en\/wp-json\/wp\/v2\/comments?post=1469"}],"version-history":[{"count":9,"href":"https:\/\/wakacje-we-francji.pl\/en\/wp-json\/wp\/v2\/posts\/1469\/revisions"}],"predecessor-version":[{"id":2014,"href":"https:\/\/wakacje-we-francji.pl\/en\/wp-json\/wp\/v2\/posts\/1469\/revisions\/2014"}],"wp:attachment":[{"href":"https:\/\/wakacje-we-francji.pl\/en\/wp-json\/wp\/v2\/media?parent=1469"}],"wp:term":[{"taxonomy":"category","embeddable":true,"href":"https:\/\/wakacje-we-francji.pl\/en\/wp-json\/wp\/v2\/categories?post=1469"},{"taxonomy":"post_tag","embeddable":true,"href":"https:\/\/wakacje-we-francji.pl\/en\/wp-json\/wp\/v2\/tags?post=1469"}],"curies":[{"name":"wp","href":"https:\/\/api.w.org\/{rel}","templated":true}]}}