{"id":1560,"date":"2025-02-21T11:59:55","date_gmt":"2025-02-21T10:59:55","guid":{"rendered":"https:\/\/wakacje-we-francji.pl\/?p=1560"},"modified":"2025-02-21T14:56:24","modified_gmt":"2025-02-21T13:56:24","slug":"nicea","status":"publish","type":"post","link":"https:\/\/wakacje-we-francji.pl\/en\/nicea\/","title":{"rendered":"Nice - Pearl of the C\u00f4te d'Azur"},"content":{"rendered":"<p><\/p>\n\n\n\n<div class=\"wp-block-uagb-container uagb-block-cr6mrg5u alignfull uagb-is-root-container\"><div class=\"uagb-container-inner-blocks-wrap\">\n<div class=\"wp-block-uagb-container uagb-block-kxtl4pal\">\n<div class=\"wp-block-uagb-info-box uagb-block-qqo0mwbt uagb-infobox__content-wrap  uagb-infobox-icon-above-title uagb-infobox-image-valign-top\"><div class=\"uagb-ifb-content\"><div class=\"uagb-ifb-title-wrap\"><p class=\"uagb-ifb-title-prefix\">Przewodnik po Atrakcjach, Ciekawostkach i Sekretach Miasta<\/p><h2 class=\"uagb-ifb-title\"><sub>Nicea \u2013 Per\u0142a Lazurowego Wybrze\u017ca<\/sub><\/h2><\/div><p class=\"uagb-ifb-desc\">Nicea to jedno z najpi\u0119kniejszych miast Francji. Ka\u017cdego roku przyci\u0105ga miliony turyst\u00f3w, kt\u00f3rzy zachwycaj\u0105 si\u0119 jej \u015br\u00f3dziemnomorskim klimatem, bogat\u0105 histori\u0105, eleganck\u0105 architektur\u0105 i wyj\u0105tkowymi atrakcjami. Je\u015bli planujesz odwiedzi\u0107 Nice\u0119 lub szukasz inspiracji na kolejn\u0105 podr\u00f3\u017c, ten artyku\u0142 jest dla Ciebie! Oprowadz\u0119 Ci\u0119 po najwa\u017cniejszych miejscach, zdradz\u0119 sekrety miasta.<\/p><\/div><\/div>\n\n\n\n<div class=\"wp-block-uagb-buttons uagb-buttons__outer-wrap uagb-btn__default-btn uagb-btn-tablet__default-btn uagb-btn-mobile__default-btn uagb-block-wt7nhkzv\"><div class=\"uagb-buttons__wrap uagb-buttons-layout-wrap\">\n<div class=\"wp-block-uagb-buttons-child uagb-buttons__outer-wrap uagb-block-13006c1a wp-block-button\"><div class=\"uagb-button__wrapper\"><a class=\"uagb-buttons-repeater wp-block-button__link\" aria-label=\"\" href=\"#\" rel=\"follow noopener\" target=\"_self\" role=\"button\"><div class=\"uagb-button__link\">Click Here<\/div><\/a><\/div><\/div>\n<\/div><\/div>\n<\/div>\n\n\n\n<div class=\"wp-block-uagb-container uagb-block-euxvilno\">\n<div class=\"wp-block-uagb-image alignleft uagb-block-3snn89vh wp-block-uagb-image--layout-default wp-block-uagb-image--effect-static wp-block-uagb-image--align-left\"><figure class=\"wp-block-uagb-image__figure\"><img loading=\"lazy\" decoding=\"async\" srcset=\"https:\/\/wakacje-we-francji.pl\/wp-content\/uploads\/2025\/02\/2-1024x1024.jpg ,https:\/\/wakacje-we-francji.pl\/wp-content\/uploads\/2025\/02\/2.jpg 780w, https:\/\/wakacje-we-francji.pl\/wp-content\/uploads\/2025\/02\/2.jpg 360w\" sizes=\"auto, (max-width: 480px) 150px\" src=\"https:\/\/wakacje-we-francji.pl\/wp-content\/uploads\/2025\/02\/2-1024x1024.jpg\" alt=\"\" class=\"uag-image-1532\" width=\"270\" height=\"360\" title=\"2\" role=\"img\"\/><\/figure><\/div>\n\n\n\n<div class=\"wp-block-uagb-image alignleft uagb-block-ydnatot7 wp-block-uagb-image--layout-default wp-block-uagb-image--effect-static wp-block-uagb-image--align-left\"><figure class=\"wp-block-uagb-image__figure\"><img loading=\"lazy\" decoding=\"async\" srcset=\"https:\/\/wakacje-we-francji.pl\/wp-content\/uploads\/2025\/02\/3-1024x1024.jpg ,https:\/\/wakacje-we-francji.pl\/wp-content\/uploads\/2025\/02\/3.jpg 780w, https:\/\/wakacje-we-francji.pl\/wp-content\/uploads\/2025\/02\/3.jpg 360w\" sizes=\"auto, (max-width: 480px) 150px\" src=\"https:\/\/wakacje-we-francji.pl\/wp-content\/uploads\/2025\/02\/3-1024x1024.jpg\" alt=\"\" class=\"uag-image-1533\" width=\"270\" height=\"360\" title=\"Nicea\" role=\"img\"\/><\/figure><\/div>\n<\/div>\n<\/div><\/div>\n\n\n\n<div class=\"wp-block-uagb-container uagb-block-cdea7ytd alignfull uagb-is-root-container\"><div class=\"uagb-container-inner-blocks-wrap\">\n<div class=\"wp-block-uagb-container uagb-block-7akneb2x\">\n<div class=\"wp-block-uagb-info-box uagb-block-s59xoyrk uagb-infobox__content-wrap  uagb-infobox-icon-above-title uagb-infobox-image-valign-top wp-block-uagb-info-box--has-margin\"><div class=\"uagb-infobox-margin-wrapper\"><div class=\"uagb-ifb-content\"><div class=\"uagb-ifb-title-wrap\"><h2 class=\"uagb-ifb-title\">Promenada Anglik\u00f3w Promenade des Anglais<\/h2><\/div><p class=\"uagb-ifb-desc\">Nie ma lepszego miejsca na rozpocz\u0119cie zwiedzania Nicei ni\u017c s\u0142ynna Promenada Anglik\u00f3w. Ta ikoniczna nadmorska aleja rozci\u0105ga si\u0119 na d\u0142ugo\u015bci 7 km wzd\u0142u\u017c Zatoki Anio\u0142\u00f3w. Spaceruj\u0105c ni\u0105, mo\u017cna podziwia\u0107 b\u0142\u0119kitne wody Morza \u015ar\u00f3dziemnego, palmy i eleganckie hotele. To idealne miejsce na relaks, jogging lub przeja\u017cd\u017ck\u0119 rowerem.<br><\/p><\/div><\/div><\/div>\n\n\n\n<div class=\"wp-block-uagb-image alignleft uagb-block-i5uoiqyq wp-block-uagb-image--layout-default wp-block-uagb-image--effect-static wp-block-uagb-image--align-left\"><figure class=\"wp-block-uagb-image__figure\"><img loading=\"lazy\" decoding=\"async\" srcset=\"https:\/\/wakacje-we-francji.pl\/wp-content\/uploads\/2025\/02\/5-1024x1024.jpg ,https:\/\/wakacje-we-francji.pl\/wp-content\/uploads\/2025\/02\/5.jpg 780w, https:\/\/wakacje-we-francji.pl\/wp-content\/uploads\/2025\/02\/5.jpg 360w\" sizes=\"auto, (max-width: 480px) 150px\" src=\"https:\/\/wakacje-we-francji.pl\/wp-content\/uploads\/2025\/02\/5-1024x1024.jpg\" alt=\"\" class=\"uag-image-1531\" width=\"564\" height=\"376\" title=\"Nicea Lazurowe Wybrze\u017ce\" role=\"img\"\/><\/figure><\/div>\n\n\n\n<div class=\"wp-block-uagb-info-box uagb-block-dbqgombt uagb-infobox__content-wrap  uagb-infobox-icon-above-title uagb-infobox-image-valign-top wp-block-uagb-info-box--has-margin\"><div class=\"uagb-infobox-margin-wrapper\"><div class=\"uagb-ifb-content\"><div class=\"uagb-ifb-title-wrap\"><h3 class=\"uagb-ifb-title\">Stare Miasto Vieux Nice<\/h3><\/div><p class=\"uagb-ifb-desc\">Stare Miasto to serce Nicei, pe\u0142ne w\u0105skich, kr\u0119tych uliczek, kolorowych kamienic i t\u0119tni\u0105cych \u017cyciem plac\u00f3w. To tutaj znajdziesz s\u0142ynny Targ Kwiatowy (March\u00e9 aux Fleurs), gdzie mo\u017cna kupi\u0107 \u015bwie\u017ce kwiaty, lokalne produkty i pami\u0105tki.<br>Nie przegap te\u017c Placu Rossetti, gdzie znajduje si\u0119 Katedra Sainte-R\u00e9parate oraz kultowa lodziarnia Fenocchio. Spr\u00f3buj lod\u00f3w o nietypowych smakach, takich jak lawenda, bazylia czy oliwa z oliwek!<br><strong><mark style=\"background-color:rgba(0, 0, 0, 0)\" class=\"has-inline-color has-ast-global-color-1-color\">Interesting fact: <\/mark><\/strong>Stare Miasto w Nicei to jedno z najlepiej zachowanych historycznych centr\u00f3w we Francji, a jego atmosfera przypomina w\u0142oskie miasteczka \u2013 to wp\u0142yw blisko\u015bci W\u0142och i wielowiekowej historii regionu.<\/p><\/div><\/div><\/div>\n<\/div>\n\n\n\n<div class=\"wp-block-uagb-container uagb-block-bqu1eknx\">\n<div class=\"wp-block-uagb-image alignleft uagb-block-pa5mcjmd wp-block-uagb-image--layout-default wp-block-uagb-image--effect-static wp-block-uagb-image--align-left\"><figure class=\"wp-block-uagb-image__figure\"><img loading=\"lazy\" decoding=\"async\" srcset=\"https:\/\/wakacje-we-francji.pl\/wp-content\/uploads\/2025\/02\/7-1024x1024.jpg ,https:\/\/wakacje-we-francji.pl\/wp-content\/uploads\/2025\/02\/7.jpg 780w, https:\/\/wakacje-we-francji.pl\/wp-content\/uploads\/2025\/02\/7.jpg 360w\" sizes=\"auto, (max-width: 480px) 150px\" src=\"https:\/\/wakacje-we-francji.pl\/wp-content\/uploads\/2025\/02\/7-1024x1024.jpg\" alt=\"\" class=\"uag-image-1529\" width=\"564\" height=\"376\" title=\"Nicea\" role=\"img\"\/><\/figure><\/div>\n\n\n\n<div class=\"wp-block-uagb-info-box uagb-block-qosibpxe uagb-infobox__content-wrap  uagb-infobox-icon-above-title uagb-infobox-image-valign-top wp-block-uagb-info-box--has-margin\"><div class=\"uagb-infobox-margin-wrapper\"><div class=\"uagb-ifb-content\"><div class=\"uagb-ifb-title-wrap\"><h3 class=\"uagb-ifb-title\">Ciekawostka<\/h3><\/div><p class=\"uagb-ifb-desc\">Nazwa promenady pochodzi od angielskich arystokrat\u00f3w, kt\u00f3rzy w XIX wieku finansowali jej budow\u0119, aby stworzy\u0107 miejsce spacerowe dla kuracjuszy.<\/p><\/div><\/div><\/div>\n\n\n\n<div class=\"wp-block-uagb-image alignleft uagb-block-ukis9ttz wp-block-uagb-image--layout-default wp-block-uagb-image--effect-static wp-block-uagb-image--align-left\"><figure class=\"wp-block-uagb-image__figure\"><img loading=\"lazy\" decoding=\"async\" srcset=\"https:\/\/wakacje-we-francji.pl\/wp-content\/uploads\/2025\/02\/6-1024x1024.jpg ,https:\/\/wakacje-we-francji.pl\/wp-content\/uploads\/2025\/02\/6.jpg 780w, https:\/\/wakacje-we-francji.pl\/wp-content\/uploads\/2025\/02\/6.jpg 360w\" sizes=\"auto, (max-width: 480px) 150px\" src=\"https:\/\/wakacje-we-francji.pl\/wp-content\/uploads\/2025\/02\/6-1024x1024.jpg\" alt=\"\" class=\"uag-image-1530\" width=\"564\" height=\"376\" title=\"Tramwaje w Nicei\" role=\"img\"\/><\/figure><\/div>\n\n\n\n<div class=\"wp-block-uagb-info-box uagb-block-pnj7oamw uagb-infobox__content-wrap  uagb-infobox-icon-above-title uagb-infobox-image-valign-top wp-block-uagb-info-box--has-margin\"><div class=\"uagb-infobox-margin-wrapper\"><div class=\"uagb-ifb-content\"><div class=\"uagb-ifb-title-wrap\"><h3 class=\"uagb-ifb-title\">Tramwaje w Nicei<\/h3><\/div><p class=\"uagb-ifb-desc\">Nicea to miasto przyjazne dla turyst\u00f3w, a jednym z najlepszych sposob\u00f3w na poruszanie si\u0119 po nim s\u0105 tramwaje. Linia tramwajowa \u0142\u0105czy g\u0142\u00f3wne atrakcje miasta, w tym dworzec kolejowy, Stare Miasto i Promenad\u0119 Anglik\u00f3w. Tramwaje s\u0105 nowoczesne, ekologiczne i wygodne.<br><strong><mark style=\"background-color:rgba(0, 0, 0, 0)\" class=\"has-inline-color has-ast-global-color-1-color\">Interesting fact: <\/mark><\/strong>Nicea by\u0142a jednym z pierwszych miast we Francji, kt\u00f3re wprowadzi\u0142o tramwaje elektryczne ju\u017c w 1900 roku.<\/p><\/div><\/div><\/div>\n<\/div>\n<\/div><\/div>\n\n\n\n<p><\/p>\n\n\n\n<div class=\"wp-block-uagb-container uagb-block-6fb6c6fa alignfull uagb-is-root-container\"><div class=\"uagb-container-inner-blocks-wrap\">\n<div class=\"wp-block-uagb-container uagb-block-acbe8744\">\n<div class=\"wp-block-uagb-info-box uagb-block-39612d44 uagb-infobox__content-wrap  uagb-infobox-icon-above-title uagb-infobox-image-valign-top\"><div class=\"uagb-ifb-content\"><div class=\"uagb-ifb-icon-wrap\"><svg xmlns=\"https:\/\/www.w3.org\/2000\/svg\" viewbox=\"0 0 512 512\"><path d=\"M0 256C0 114.6 114.6 0 256 0C397.4 0 512 114.6 512 256C512 397.4 397.4 512 256 512C114.6 512 0 397.4 0 256zM371.8 211.8C382.7 200.9 382.7 183.1 371.8 172.2C360.9 161.3 343.1 161.3 332.2 172.2L224 280.4L179.8 236.2C168.9 225.3 151.1 225.3 140.2 236.2C129.3 247.1 129.3 264.9 140.2 275.8L204.2 339.8C215.1 350.7 232.9 350.7 243.8 339.8L371.8 211.8z\"><\/path><\/svg><\/div><div class=\"uagb-ifb-title-wrap\"><h3 class=\"uagb-ifb-title\">Muzea w Nicei<\/h3><\/div><p class=\"uagb-ifb-desc\">Nicea to miasto sztuki. Warto odwiedzi\u0107:<br><strong class=\"\">Muzeum Chagalla<\/strong>&nbsp;\u2013 prezentuj\u0105ce dzie\u0142a s\u0142ynnego malarza,<br><strong class=\"\">Muzeum Mass\u00e9na<\/strong>&nbsp;\u2013 ukazuj\u0105ce histori\u0119 Nicei,<br><strong class=\"\">Muzeum Sztuk Pi\u0119knych<\/strong>&nbsp;\u2013 z bogat\u0105 kolekcj\u0105 dzie\u0142 francuskich i w\u0142oskich artyst\u00f3w.<br><strong><mark style=\"background-color:rgba(0, 0, 0, 0)\" class=\"has-inline-color has-ast-global-color-1-color\">Interesting fact: <\/mark><\/strong>Wi\u0119kszo\u015b\u0107 muze\u00f3w w Nicei mo\u017cna zwiedzi\u0107 na jednym bilecie wa\u017cnym 72 godziny. Muzeum Matisse\u2019a mie\u015bci si\u0119 w dawnej rezydencji malarza, w kt\u00f3rej \u017cy\u0142 przez wiele lat.<\/p><\/div><\/div>\n<\/div>\n\n\n\n<div class=\"wp-block-uagb-container uagb-block-06d58207\">\n<div class=\"wp-block-uagb-info-box uagb-block-795b8a5d uagb-infobox__content-wrap  uagb-infobox-icon-above-title uagb-infobox-image-valign-top\"><div class=\"uagb-ifb-content\"><div class=\"uagb-ifb-icon-wrap\"><svg xmlns=\"https:\/\/www.w3.org\/2000\/svg\" viewbox=\"0 0 512 512\"><path d=\"M0 256C0 114.6 114.6 0 256 0C397.4 0 512 114.6 512 256C512 397.4 397.4 512 256 512C114.6 512 0 397.4 0 256zM371.8 211.8C382.7 200.9 382.7 183.1 371.8 172.2C360.9 161.3 343.1 161.3 332.2 172.2L224 280.4L179.8 236.2C168.9 225.3 151.1 225.3 140.2 236.2C129.3 247.1 129.3 264.9 140.2 275.8L204.2 339.8C215.1 350.7 232.9 350.7 243.8 339.8L371.8 211.8z\"><\/path><\/svg><\/div><div class=\"uagb-ifb-title-wrap\"><h3 class=\"uagb-ifb-title\"><strong class=\"\">Dzielnica Cimiez<\/strong><\/h3><\/div><p class=\"uagb-ifb-desc\">Elegancka dzielnica pe\u0142na willi arystokratycznych. G\u0142\u00f3wne atrakcje to Muzeum Chagalla, Muzeum Matisse\u2019a oraz ruiny rzymskiego amfiteatru. Mo\u017cna tu odpocz\u0105\u0107 w ogrodach klasztoru Franciszkan\u00f3w i zobaczy\u0107 gaj oliwny.<br><strong><mark style=\"background-color:rgba(0, 0, 0, 0)\" class=\"has-inline-color has-ast-global-color-1-color\">Interesting fact:<\/mark><\/strong> To tu znajduje si\u0119 cmentarz, na kt\u00f3rym pochowany jest Henri Matisse. W czasach rzymskich Cimiez by\u0142o g\u0142\u00f3wnym centrum rzymskiej osady Cemenelum.<\/p><\/div><\/div>\n<\/div>\n\n\n\n<div class=\"wp-block-uagb-container uagb-block-121d0ae9\">\n<div class=\"wp-block-media-text is-stacked-on-mobile\"><figure class=\"wp-block-media-text__media\"><img fetchpriority=\"high\" decoding=\"async\" width=\"1024\" height=\"1024\" src=\"https:\/\/wakacje-we-francji.pl\/wp-content\/uploads\/2025\/02\/Projekt-bez-nazwy1-1024x1024.jpg\" alt=\"\" class=\"wp-image-1611 size-full\" srcset=\"https:\/\/wakacje-we-francji.pl\/wp-content\/uploads\/2025\/02\/Projekt-bez-nazwy1-1024x1024.jpg 1024w, https:\/\/wakacje-we-francji.pl\/wp-content\/uploads\/2025\/02\/Projekt-bez-nazwy1-300x300.jpg 300w, https:\/\/wakacje-we-francji.pl\/wp-content\/uploads\/2025\/02\/Projekt-bez-nazwy1-100x100.jpg 100w, https:\/\/wakacje-we-francji.pl\/wp-content\/uploads\/2025\/02\/Projekt-bez-nazwy1-600x600.jpg 600w, https:\/\/wakacje-we-francji.pl\/wp-content\/uploads\/2025\/02\/Projekt-bez-nazwy1-150x150.jpg 150w, https:\/\/wakacje-we-francji.pl\/wp-content\/uploads\/2025\/02\/Projekt-bez-nazwy1-768x768.jpg 768w, https:\/\/wakacje-we-francji.pl\/wp-content\/uploads\/2025\/02\/Projekt-bez-nazwy1-1536x1536.jpg 1536w, https:\/\/wakacje-we-francji.pl\/wp-content\/uploads\/2025\/02\/Projekt-bez-nazwy1-12x12.jpg 12w, https:\/\/wakacje-we-francji.pl\/wp-content\/uploads\/2025\/02\/Projekt-bez-nazwy1.jpg 1600w\" sizes=\"(max-width: 1024px) 100vw, 1024px\" \/><\/figure><div class=\"wp-block-media-text__content\">\n<p><strong><mark style=\"background-color:rgba(0, 0, 0, 0)\" class=\"has-inline-color has-ast-global-color-1-color\">Stary Port<\/mark><\/strong> to idealne miejsce na spacer i kolacj\u0119 w jednej z lokalnych restauracji. To st\u0105d odp\u0142ywaj\u0105 promy na Korsyk\u0119, a tak\u017ce autobusy do Monako i Menton. W pobli\u017cu znajduje si\u0119 Bulwar Lecha Wa\u0142\u0119sy, kt\u00f3ry upami\u0119tnia wsp\u00f3\u0142prac\u0119 Nicei z Gda\u0144skiem.<\/p>\n\n\n\n<p><strong><mark style=\"background-color:rgba(0, 0, 0, 0)\" class=\"has-inline-color has-ast-global-color-1-color\">Interesting fact: <\/mark><\/strong>W okolicy portu znajduje si\u0119 dom Eltona Johna oraz wiele tradycyjnych knajpek serwuj\u0105cych owoce morza. Port ten by\u0142 tak\u017ce wa\u017cnym punktem handlowym ju\u017c w czasach staro\u017cytnych.<\/p>\n<\/div><\/div>\n<\/div>\n\n\n\n<div class=\"wp-block-uagb-container uagb-block-1cc4fea9\">\n<div class=\"wp-block-media-text is-stacked-on-mobile\"><figure class=\"wp-block-media-text__media\"><img decoding=\"async\" width=\"1024\" height=\"1024\" src=\"https:\/\/wakacje-we-francji.pl\/wp-content\/uploads\/2025\/02\/Projekt-bez-nazwy-1024x1024.jpg\" alt=\"\" class=\"wp-image-1607 size-full\" srcset=\"https:\/\/wakacje-we-francji.pl\/wp-content\/uploads\/2025\/02\/Projekt-bez-nazwy-1024x1024.jpg 1024w, https:\/\/wakacje-we-francji.pl\/wp-content\/uploads\/2025\/02\/Projekt-bez-nazwy-300x300.jpg 300w, https:\/\/wakacje-we-francji.pl\/wp-content\/uploads\/2025\/02\/Projekt-bez-nazwy-100x100.jpg 100w, https:\/\/wakacje-we-francji.pl\/wp-content\/uploads\/2025\/02\/Projekt-bez-nazwy-600x600.jpg 600w, https:\/\/wakacje-we-francji.pl\/wp-content\/uploads\/2025\/02\/Projekt-bez-nazwy-150x150.jpg 150w, https:\/\/wakacje-we-francji.pl\/wp-content\/uploads\/2025\/02\/Projekt-bez-nazwy-768x768.jpg 768w, https:\/\/wakacje-we-francji.pl\/wp-content\/uploads\/2025\/02\/Projekt-bez-nazwy-1536x1536.jpg 1536w, https:\/\/wakacje-we-francji.pl\/wp-content\/uploads\/2025\/02\/Projekt-bez-nazwy-12x12.jpg 12w, https:\/\/wakacje-we-francji.pl\/wp-content\/uploads\/2025\/02\/Projekt-bez-nazwy.jpg 1600w\" sizes=\"(max-width: 1024px) 100vw, 1024px\" \/><\/figure><div class=\"wp-block-media-text__content\">\n<p><strong><mark style=\"background-color:rgba(0, 0, 0, 0)\" class=\"has-inline-color has-ast-global-color-1-color\">Nicea ma d\u0142ug\u0105, lecz kamienist\u0105 pla\u017c\u0119. <\/mark><\/strong>Warto zaopatrzy\u0107 si\u0119 w specjalne buty do wody, kt\u00f3re mo\u017cna kupi\u0107 na miejscu. Je\u015bli szukasz piaszczystej pla\u017cy, warto wybra\u0107 si\u0119 do pobliskiego Villefranche-sur-Mer.<\/p>\n\n\n\n<p><strong><mark style=\"background-color:rgba(0, 0, 0, 0)\" class=\"has-inline-color has-ast-global-color-1-color\">Interesting fact: <\/mark><\/strong>Woda w Zatoce Anio\u0142\u00f3w ma intensywnie b\u0142\u0119kitny kolor, poniewa\u017c dno morskie szybko si\u0119 obni\u017ca, tworz\u0105c unikalny efekt optyczny.<\/p>\n<\/div><\/div>\n<\/div>\n<\/div><\/div>\n\n\n\n<div class=\"wp-block-uagb-container uagb-block-u1adrn8s alignfull uagb-is-root-container\"><div class=\"uagb-container-inner-blocks-wrap\">\n<div class=\"wp-block-uagb-info-box uagb-block-wspd2twx uagb-infobox__content-wrap  uagb-infobox-icon-above-title uagb-infobox-image-valign-top\"><div class=\"uagb-ifb-content\"><div class=\"uagb-ifb-title-wrap\"><h2 class=\"uagb-ifb-title\"><sub>NICEA<\/sub><\/h2><\/div><p class=\"uagb-ifb-desc\">Nicea to miasto, kt\u00f3re zachwyca swoj\u0105 r\u00f3\u017cnorodno\u015bci\u0105. Niezale\u017cnie od tego, czy jeste\u015b mi\u0142o\u015bnikiem historii, sztuki, czy po prostu chcesz cieszy\u0107 si\u0119 s\u0142o\u0144cem i morzem, znajdziesz tu co\u015b dla siebie. Mam nadziej\u0119, \u017ce ten przewodnik pomo\u017ce Ci zaplanowa\u0107 niezapomnian\u0105 podr\u00f3\u017c <mark style=\"background-color:rgba(0, 0, 0, 0)\" class=\"has-inline-color has-ast-global-color-1-color\">Bon voyage!<\/mark><br>Je\u015bli szukasz wi\u0119cej inspiracji lub chcesz zorganizowa\u0107 wycieczk\u0119 do Nicei, zapraszam do kontaktu z naszym biurem podr\u00f3\u017cy. Specjalizujemy si\u0119 w wyjazdach do Francji i ch\u0119tnie pomo\u017cemy Ci stworzy\u0107 wymarzone wakacje!<br><a href=\"https:\/\/www.booking.com\/searchresults.pl.html?aid=2420370&amp;sid=bf08142c0244454133b1e3b502b0afb1&amp;sb=1&amp;sb_lp=1&amp;src=region&amp;src_elem=sb&amp;error_url=https%3A%2F%2Fwww.booking.com%2Fregion%2Ffr%2File-de-france.pl.html%3Faid%3D2420370%26sid%3Dbf08142c0244454133b1e3b502b0afb1&amp;ss=Nicea%2C+Prowansja-Alpy-Lazurowe+Wybrze%C5%BCe%2C+Francja&amp;is_ski_area=&amp;ssne=Ile+de+France&amp;ssne_untouched=Ile+de+France&amp;checkin_year=&amp;checkin_month=&amp;checkout_year=&amp;checkout_month=&amp;flex_window=0&amp;efdco=1&amp;group_adults=2&amp;group_children=0&amp;no_rooms=1&amp;b_h4u_keep_filters=&amp;from_sf=1&amp;ss_raw=nicea&amp;ac_position=0&amp;ac_langcode=pl&amp;ac_click_type=b&amp;ac_meta=GhA0YmU2NTA2ZGEwYmYwNmQ0IAAoATICcGw6BW5pY2VhQABKAFAA&amp;dest_id=-1454990&amp;dest_type=city&amp;iata=NCE&amp;place_id_lat=43.69808&amp;place_id_lon=7.269624&amp;search_pageview_id=dd985063e4ff04ad&amp;search_selected=true&amp;search_pageview_id=dd985063e4ff04ad&amp;ac_suggestion_list_length=5&amp;ac_suggestion_theme_list_length=0\"><strong><mark style=\"background-color:rgba(0, 0, 0, 0)\" class=\"has-inline-color has-ast-global-color-1-color\">Chcesz sam zarezerwowa\u0107 sw\u00f3j pobyt w Nicei &#8211; KLIKNIJ TUTAJ<\/mark><\/strong><\/a><\/p><\/div><\/div>\n\n\n\n<div class=\"wp-block-uagb-container uagb-layout-grid uagb-block-tysqencm\">\n<div class=\"wp-block-uagb-container uagb-block-65ttdrzu\">\n<div class=\"wp-block-uagb-info-box uagb-block-vazf4jlp uagb-infobox__content-wrap  uagb-infobox-icon-above-title uagb-infobox-image-valign-top\"><div class=\"uagb-ifb-content\"><div class=\"uagb-ifb-title-wrap\"><h3 class=\"uagb-ifb-title\"><sub>Hotel Negresco<\/sub><\/h3><\/div><p class=\"uagb-ifb-desc\">Ten luksusowy hotel to prawdziwa ikona Nicei. Zbudowany w 1912 roku, zachwyca swoj\u0105 architektur\u0105 i wn\u0119trzami, kt\u00f3re s\u0105 po\u0142\u0105czeniem stylu belle \u00e9poque i wsp\u00f3\u0142czesnego designu. Nawet je\u015bli nie masz zamiaru nocowa\u0107 w Negresco, warto zajrze\u0107 do \u015brodka, aby podziwia\u0107 jego wystr\u00f3j i kolekcj\u0119 sztuki.<br><strong><mark style=\"background-color:rgba(0, 0, 0, 0)\" class=\"has-inline-color has-ast-global-color-1-color\">Interesting fact:<\/mark> <\/strong>W hotelu znajduje si\u0119 jedno z najwi\u0119kszych dzie\u0142 sztuki \u2013 ogromny \u017cyrandol, kt\u00f3ry podobno nale\u017ca\u0142 do cara Rosji Miko\u0142aja II.<\/p><\/div><\/div>\n<\/div>\n\n\n\n<div class=\"wp-block-uagb-container uagb-block-ngvubbyf\">\n<div class=\"wp-block-uagb-info-box uagb-block-tnm2zyer uagb-infobox__content-wrap  uagb-infobox-icon-above-title uagb-infobox-image-valign-top\"><div class=\"uagb-ifb-content\"><div class=\"uagb-ifb-title-wrap\"><h3 class=\"uagb-ifb-title\"><sub>Wzg\u00f3rze Zamkowe Colline du Ch\u00e2teau<\/sub><\/h3><\/div><p class=\"uagb-ifb-desc\">Cho\u0107 sam zamek ju\u017c nie istnieje, Wzg\u00f3rze Zamkowe to obowi\u0105zkowy punkt zwiedzania. Z jego szczytu rozci\u0105ga si\u0119 zapieraj\u0105cy dech w piersiach widok na ca\u0142\u0105 Nice\u0119, Zatok\u0119 Anio\u0142\u00f3w i port. To idealne miejsce na romantyczny spacer lub piknik.<br><strong><mark style=\"background-color:rgba(0, 0, 0, 0)\" class=\"has-inline-color has-ast-global-color-1-color\">Interesting fact:<\/mark><\/strong> Isadora Duncan zgin\u0119\u0142a W Nicei w czasie jazdy w wy\u015bcigowym kabriolecie Amilcar, gdy jej szal wkr\u0119ci\u0142 si\u0119 w nieos\u0142oni\u0119te ko\u0142a.<\/p><\/div><\/div>\n<\/div>\n\n\n\n<div class=\"wp-block-uagb-container uagb-block-9f995f25\">\n<div class=\"wp-block-uagb-info-box uagb-block-7782e408 uagb-infobox__content-wrap  uagb-infobox-icon-above-title uagb-infobox-image-valign-top\"><div class=\"uagb-ifb-content\"><div class=\"uagb-ifb-title-wrap\"><h3 class=\"uagb-ifb-title\"><strong class=\"\"><sub>Plac Mass\u00e9na i Promenada Paillon<\/sub><\/strong><\/h3><\/div><p class=\"uagb-ifb-desc\">G\u0142\u00f3wne serce miasta, otoczone eleganckimi budynkami i ozdobione instalacj\u0105 \u015bwietln\u0105 przedstawiaj\u0105c\u0105 postacie symbolizuj\u0105ce dialog mi\u0119dzykontynentalny. Tu\u017c obok rozci\u0105ga si\u0119 Promenada Paillon \u2013 zielony korytarz pe\u0142en fontann i miejsc do odpoczynku.<br><strong><mark style=\"background-color:rgba(0, 0, 0, 0)\" class=\"has-inline-color has-ast-global-color-1-color\">Interesting fact:<\/mark><\/strong> Co roku na Placu Mass\u00e9na odbywa si\u0119 karnawa\u0142 w Nicei \u2013 jedno z najwi\u0119kszych wydarze\u0144 we Francji. W przesz\u0142o\u015bci by\u0142 tu most \u0142\u0105cz\u0105cy Stare i Nowe Miasto, a pod placem wci\u0105\u017c p\u0142ynie rzeka Paillon, obecnie zakryta.<\/p><\/div><\/div>\n<\/div>\n<\/div>\n<\/div><\/div>\n\n\n\n<div class=\"wp-block-uagb-image uagb-block-d5d64cb7 wp-block-uagb-image--layout-default wp-block-uagb-image--effect-static wp-block-uagb-image--align-none\"><figure class=\"wp-block-uagb-image__figure\"><img loading=\"lazy\" decoding=\"async\" srcset=\"https:\/\/wakacje-we-francji.pl\/wp-content\/uploads\/2025\/02\/10-1024x1024.jpg ,https:\/\/wakacje-we-francji.pl\/wp-content\/uploads\/2025\/02\/10.jpg 780w, https:\/\/wakacje-we-francji.pl\/wp-content\/uploads\/2025\/02\/10.jpg 360w\" sizes=\"auto, (max-width: 480px) 150px\" src=\"https:\/\/wakacje-we-francji.pl\/wp-content\/uploads\/2025\/02\/10-1024x1024.jpg\" alt=\"\" class=\"uag-image-1526\" width=\"1024\" height=\"1024\" title=\"Nicea\" role=\"img\"\/><\/figure><\/div>\n\n\n\n<p><mark style=\"background-color:rgba(0, 0, 0, 0)\" class=\"has-inline-color has-ast-global-color-1-color\">Nicea to miasto, kt\u00f3re zachwyca na ka\u017cdym kroku. \u0141\u0105czy w sobie pi\u0119kne krajobrazy, histori\u0119, kultur\u0119 i nowoczesno\u015b\u0107. Jest idealnym miejscem zar\u00f3wno na weekendowy wypad, jak i d\u0142u\u017cszy pobyt. Niezale\u017cnie od tego, czy kochasz pla\u017cowanie, zwiedzanie, sztuk\u0119 czy kulinaria \u2013 Nicea ma co\u015b dla Ciebie!<\/mark><\/p>","protected":false},"excerpt":{"rendered":"<p>Stary Port to idealne miejsce na spacer i kolacj\u0119 w jednej z lokalnych restauracji. To st\u0105d odp\u0142ywaj\u0105 promy na Korsyk\u0119, a tak\u017ce autobusy do Monako i Menton. W pobli\u017cu znajduje si\u0119 Bulwar Lecha Wa\u0142\u0119sy, kt\u00f3ry upami\u0119tnia wsp\u00f3\u0142prac\u0119 Nicei z Gda\u0144skiem. Ciekawostka: W okolicy portu znajduje si\u0119 dom Eltona Johna oraz wiele tradycyjnych knajpek serwuj\u0105cych owoce [&hellip;]<\/p>","protected":false},"author":3,"featured_media":0,"comment_status":"closed","ping_status":"open","sticky":false,"template":"","format":"standard","meta":{"_uag_custom_page_level_css":"","footnotes":""},"categories":[20],"tags":[25,24,23,22],"class_list":["post-1560","post","type-post","status-publish","format-standard","hentry","category-poradnik","tag-apartamenty-na-lazurowym-wybrzezu","tag-hotele","tag-lazurowe-wybrzeze","tag-nicea"],"uagb_featured_image_src":{"full":false,"thumbnail":false,"medium":false,"medium_large":false,"large":false,"1536x1536":false,"2048x2048":false,"trp-custom-language-flag":false},"uagb_author_info":{"display_name":"agnieszka","author_link":"https:\/\/wakacje-we-francji.pl\/en\/author\/agnieszka\/"},"uagb_comment_info":0,"uagb_excerpt":"Stary Port to idealne miejsce na spacer i kolacj\u0119 w jednej z lokalnych restauracji. To st\u0105d odp\u0142ywaj\u0105 promy na Korsyk\u0119, a tak\u017ce autobusy do Monako i Menton. W pobli\u017cu znajduje si\u0119 Bulwar Lecha Wa\u0142\u0119sy, kt\u00f3ry upami\u0119tnia wsp\u00f3\u0142prac\u0119 Nicei z Gda\u0144skiem. Ciekawostka: W okolicy portu znajduje si\u0119 dom Eltona Johna oraz wiele tradycyjnych knajpek serwuj\u0105cych owoce&hellip;","_links":{"self":[{"href":"https:\/\/wakacje-we-francji.pl\/en\/wp-json\/wp\/v2\/posts\/1560","targetHints":{"allow":["GET"]}}],"collection":[{"href":"https:\/\/wakacje-we-francji.pl\/en\/wp-json\/wp\/v2\/posts"}],"about":[{"href":"https:\/\/wakacje-we-francji.pl\/en\/wp-json\/wp\/v2\/types\/post"}],"author":[{"embeddable":true,"href":"https:\/\/wakacje-we-francji.pl\/en\/wp-json\/wp\/v2\/users\/3"}],"replies":[{"embeddable":true,"href":"https:\/\/wakacje-we-francji.pl\/en\/wp-json\/wp\/v2\/comments?post=1560"}],"version-history":[{"count":53,"href":"https:\/\/wakacje-we-francji.pl\/en\/wp-json\/wp\/v2\/posts\/1560\/revisions"}],"predecessor-version":[{"id":1619,"href":"https:\/\/wakacje-we-francji.pl\/en\/wp-json\/wp\/v2\/posts\/1560\/revisions\/1619"}],"wp:attachment":[{"href":"https:\/\/wakacje-we-francji.pl\/en\/wp-json\/wp\/v2\/media?parent=1560"}],"wp:term":[{"taxonomy":"category","embeddable":true,"href":"https:\/\/wakacje-we-francji.pl\/en\/wp-json\/wp\/v2\/categories?post=1560"},{"taxonomy":"post_tag","embeddable":true,"href":"https:\/\/wakacje-we-francji.pl\/en\/wp-json\/wp\/v2\/tags?post=1560"}],"curies":[{"name":"wp","href":"https:\/\/api.w.org\/{rel}","templated":true}]}}