{"id":1791,"date":"2025-02-26T18:07:33","date_gmt":"2025-02-26T17:07:33","guid":{"rendered":"https:\/\/wakacje-we-francji.pl\/?p=1791"},"modified":"2025-02-27T17:37:49","modified_gmt":"2025-02-27T16:37:49","slug":"grasse","status":"publish","type":"post","link":"https:\/\/wakacje-we-francji.pl\/en\/grasse\/","title":{"rendered":"Grasse Stolica Perfum. Przewodnik po atrakcjach, ciekawostkach i sekretach miasta."},"content":{"rendered":"<div class=\"wp-block-uagb-container uagb-block-jliyhaxy alignfull uagb-is-root-container\">\n<div class=\"wp-block-uagb-container uagb-block-cpjvb4bz\">\n<div class=\"wp-block-uagb-info-box uagb-block-o1e1d1tq uagb-infobox__content-wrap  uagb-infobox-icon-above-title uagb-infobox-image-valign-top\"><div class=\"uagb-ifb-content\"><div class=\"uagb-ifb-title-wrap\"><\/div><\/div><\/div>\n\n\n\n<div class=\"wp-block-uagb-container uagb-block-cszuybnm\">\n<div class=\"wp-block-uagb-info-box uagb-block-wdk9wht3 uagb-infobox__content-wrap  uagb-infobox-icon-above-title uagb-infobox-image-valign-top\"><div class=\"uagb-ifb-content\"><div class=\"uagb-ifb-title-wrap\"><\/div><\/div><\/div>\n<\/div>\n<\/div>\n\n\n\n<div class=\"wp-block-uagb-container uagb-block-qcwcnokk alignfull uagb-is-root-container\"><\/div>\n<\/div>\n\n\n\n<div class=\"wp-block-uagb-container uagb-block-hohjwxz5 alignfull uagb-is-root-container\"><div class=\"uagb-container-inner-blocks-wrap\">\n<div class=\"wp-block-uagb-info-box uagb-block-mlp78kbd uagb-infobox__content-wrap  uagb-infobox-icon-above-title uagb-infobox-image-valign-top\"><div class=\"uagb-ifb-content\"><div class=\"uagb-ifb-title-wrap\"><h1 class=\"uagb-ifb-title\">Grasse<\/h1><\/div><\/div><\/div>\n\n\n\n<div class=\"wp-block-uagb-info-box uagb-block-521zmcfq uagb-infobox__content-wrap  uagb-infobox-icon-above-title uagb-infobox-image-valign-top\"><div class=\"uagb-ifb-content\"><div class=\"uagb-ifb-title-wrap\"><\/div><p class=\"uagb-ifb-desc\">malownicze miasto po\u0142o\u017cone w regionie Prowansja-Alpy-Lazurowe Wybrze\u017ce, jest znane na ca\u0142ym \u015bwiecie jako stolica perfum. To w\u0142a\u015bnie tutaj narodzi\u0142y si\u0119 najs\u0142ynniejsze zapachy, a tradycja produkcji perfum si\u0119ga XVIII wieku. Miasto ma ponad 300 s\u0142onecznych dni w roku, co sprzyja uprawie kwiat\u00f3w. Je\u015bli planujesz odwiedzi\u0107 to urokliwe miejsce, ten artyku\u0142 b\u0119dzie Twoim przewodnikiem po najwa\u017cniejszych atrakcjach, ciekawostkach i sekretach Grasse.<\/p><\/div><\/div>\n<\/div><\/div>\n\n\n\n<div class=\"wp-block-uagb-container uagb-block-eovmrhdf alignfull uagb-is-root-container\"><div class=\"uagb-container-inner-blocks-wrap\">\n<div class=\"wp-block-uagb-container uagb-block-my1d31fa\">\n<div class=\"wp-block-uagb-info-box uagb-block-grtkzcci uagb-infobox__content-wrap  uagb-infobox-icon-above-title uagb-infobox-image-valign-top wp-block-uagb-info-box--has-margin\"><div class=\"uagb-infobox-margin-wrapper\"><div class=\"uagb-ifb-content\"><div class=\"uagb-ifb-title-wrap\"><h3 class=\"uagb-ifb-title\"><strong>Fabryki perfum i muzea zapach\u00f3w<\/strong><\/h3><\/div><p class=\"uagb-ifb-desc\">Grasse to prawdziwy raj dla mi\u0142o\u015bnik\u00f3w perfum. W mie\u015bcie znajduj\u0105 si\u0119 trzy s\u0142ynne fabryki perfum, kt\u00f3re oferuj\u0105 zwiedzanie i warsztaty:<\/p><\/div><\/div><\/div>\n\n\n\n<div class=\"wp-block-uagb-image alignleft uagb-block-no0za02t wp-block-uagb-image--layout-default wp-block-uagb-image--effect-static wp-block-uagb-image--align-left\"><figure class=\"wp-block-uagb-image__figure\"><img loading=\"lazy\" decoding=\"async\" srcset=\"https:\/\/wakacje-we-francji.pl\/wp-content\/uploads\/2025\/02\/221.png ,https:\/\/wakacje-we-francji.pl\/wp-content\/uploads\/2025\/02\/221.png 780w, https:\/\/wakacje-we-francji.pl\/wp-content\/uploads\/2025\/02\/221.png 360w\" sizes=\"auto, (max-width: 480px) 150px\" src=\"https:\/\/wakacje-we-francji.pl\/wp-content\/uploads\/2025\/02\/221.png\" alt=\"\" class=\"uag-image-1797\" width=\"440\" height=\"376\" title=\"22(1)\" role=\"img\"\/><\/figure><\/div>\n\n\n\n<div class=\"wp-block-uagb-info-box uagb-block-lswpj80n uagb-infobox__content-wrap  uagb-infobox-icon-above-title uagb-infobox-image-valign-top wp-block-uagb-info-box--has-margin\"><div class=\"uagb-infobox-margin-wrapper\"><div class=\"uagb-ifb-content\"><div class=\"uagb-ifb-title-wrap\"><h3 class=\"uagb-ifb-title\">Ciekawostka<\/h3><\/div><p class=\"uagb-ifb-desc\">W Grasse znajduje si\u0119 r\u00f3wnie\u017c Mi\u0119dzynarodowe Muzeum Perfum (Mus\u00e9e International de la Parfumerie), gdzie mo\u017cna pozna\u0107 histori\u0119 perfum, od staro\u017cytno\u015bci po wsp\u00f3\u0142czesno\u015b\u0107.<\/p><\/div><\/div><\/div>\n<\/div>\n\n\n\n<div class=\"wp-block-uagb-container uagb-block-ywt7hbh2\">\n<div class=\"wp-block-uagb-image alignleft uagb-block-apjpp04j wp-block-uagb-image--layout-default wp-block-uagb-image--effect-static wp-block-uagb-image--align-left\"><figure class=\"wp-block-uagb-image__figure\"><img loading=\"lazy\" decoding=\"async\" srcset=\"https:\/\/wakacje-we-francji.pl\/wp-content\/uploads\/2025\/02\/25.png ,https:\/\/wakacje-we-francji.pl\/wp-content\/uploads\/2025\/02\/25.png 780w, https:\/\/wakacje-we-francji.pl\/wp-content\/uploads\/2025\/02\/25.png 360w\" sizes=\"auto, (max-width: 480px) 150px\" src=\"https:\/\/wakacje-we-francji.pl\/wp-content\/uploads\/2025\/02\/25.png\" alt=\"\" class=\"uag-image-1794\" width=\"452\" height=\"376\" title=\"25\" role=\"img\"\/><\/figure><\/div>\n\n\n\n<div class=\"wp-block-uagb-info-box uagb-block-tuunrs3g uagb-infobox__content-wrap  uagb-infobox-icon-above-title uagb-infobox-image-valign-top wp-block-uagb-info-box--has-margin\"><div class=\"uagb-infobox-margin-wrapper\"><div class=\"uagb-ifb-content\"><div class=\"uagb-ifb-title-wrap\"><\/div><p class=\"uagb-ifb-desc\"><strong>Fragonard <\/strong>&#8211; najstarsza i najbardziej znana fabryka,<br><strong>Galimard <\/strong>&#8211; oferuj\u0105ca mo\u017cliwo\u015b\u0107 stworzenia w\u0142asnego perfum,<br><strong>Molinard<\/strong> &#8211; znana z luksusowych zapach\u00f3w.<br><\/p><\/div><\/div><\/div>\n\n\n\n<div class=\"wp-block-uagb-image alignleft uagb-block-nuecenwp wp-block-uagb-image--layout-default wp-block-uagb-image--effect-static wp-block-uagb-image--align-left\"><figure class=\"wp-block-uagb-image__figure\"><img loading=\"lazy\" decoding=\"async\" srcset=\"https:\/\/wakacje-we-francji.pl\/wp-content\/uploads\/2025\/02\/26.png ,https:\/\/wakacje-we-francji.pl\/wp-content\/uploads\/2025\/02\/26.png 780w, https:\/\/wakacje-we-francji.pl\/wp-content\/uploads\/2025\/02\/26.png 360w\" sizes=\"auto, (max-width: 480px) 150px\" src=\"https:\/\/wakacje-we-francji.pl\/wp-content\/uploads\/2025\/02\/26.png\" alt=\"\" class=\"uag-image-1795\" width=\"445\" height=\"376\" title=\"26\" role=\"img\"\/><\/figure><\/div>\n<\/div>\n<\/div><\/div>\n\n\n\n<div class=\"wp-block-uagb-container uagb-block-1cn4y1bp alignfull uagb-is-root-container\"><div class=\"uagb-container-inner-blocks-wrap\">\n<div class=\"wp-block-uagb-info-box uagb-block-y0vemhrg uagb-infobox__content-wrap  uagb-infobox-icon-above-title uagb-infobox-image-valign-top\"><div class=\"uagb-ifb-content\"><div class=\"uagb-ifb-title-wrap\"><h2 class=\"uagb-ifb-title\"><strong>Stare Miasto<\/strong><\/h2><\/div><\/div><\/div>\n\n\n\n<div class=\"wp-block-uagb-container uagb-block-70rey6q4 alignfull uagb-is-root-container\"><div class=\"uagb-container-inner-blocks-wrap\">\n<div class=\"wp-block-uagb-image alignleft uagb-block-fdvqvv8y wp-block-uagb-image--layout-default wp-block-uagb-image--effect-static wp-block-uagb-image--align-left\"><figure class=\"wp-block-uagb-image__figure\"><img loading=\"lazy\" decoding=\"async\" srcset=\"https:\/\/wakacje-we-francji.pl\/wp-content\/uploads\/2025\/02\/Grasse1-1024x592.jpg ,https:\/\/wakacje-we-francji.pl\/wp-content\/uploads\/2025\/02\/Grasse1.jpg 780w, https:\/\/wakacje-we-francji.pl\/wp-content\/uploads\/2025\/02\/Grasse1.jpg 360w\" sizes=\"auto, (max-width: 480px) 150px\" src=\"https:\/\/wakacje-we-francji.pl\/wp-content\/uploads\/2025\/02\/Grasse1-1024x592.jpg\" alt=\"\" class=\"uag-image-1798\" width=\"564\" height=\"400\" title=\"Grasse(1)\" role=\"img\"\/><\/figure><\/div>\n\n\n\n<div class=\"wp-block-uagb-container uagb-block-8jdlcvov\">\n<div class=\"wp-block-uagb-info-box uagb-block-xdfsm3p4 uagb-infobox__content-wrap  uagb-infobox-icon-above-title uagb-infobox-image-valign-top\"><div class=\"uagb-ifb-content\"><div class=\"uagb-ifb-title-wrap\"><\/div><p class=\"uagb-ifb-desc\">Stare Miasto w Grasse to labirynt w\u0105skich, brukowanych uliczek, kolorowych kamienic&nbsp;<br>i ukrytych plac\u00f3w. Spaceruj\u0105c po nim, mo\u017cna poczu\u0107 autentyczny klimat prowansalskiego miasteczka. Warto odwiedzi\u0107 Katedr\u0119 Notre-Dame-du-Puy, gdzie znajduj\u0105 si\u0119 obrazy Rubensa, oraz Wie\u017c\u0119 Saracen\u00f3w, z kt\u00f3rej rozci\u0105ga si\u0119 pi\u0119kny widok na miasto.<\/p><\/div><\/div>\n\n\n\n<div class=\"wp-block-uagb-info-box uagb-block-900fd70a uagb-infobox__content-wrap  uagb-infobox-icon-above-title uagb-infobox-image-valign-top\"><div class=\"uagb-ifb-content\"><div class=\"uagb-ifb-title-wrap\"><\/div><p class=\"uagb-ifb-desc\">Ciekawostka: Grasse by\u0142o inspiracj\u0105 dla powie\u015bci \u201ePachnid\u0142o\u201d<\/p><\/div><\/div>\n<\/div>\n<\/div><\/div>\n\n\n\n<div class=\"wp-block-uagb-container uagb-block-eyo9bfms alignfull uagb-is-root-container\"><div class=\"uagb-container-inner-blocks-wrap\">\n<div class=\"wp-block-uagb-info-box uagb-block-a16uvhax uagb-infobox__content-wrap  uagb-infobox-icon-above-title uagb-infobox-image-valign-top\"><div class=\"uagb-ifb-content\"><div class=\"uagb-ifb-title-wrap\"><h3 class=\"uagb-ifb-title\"><strong>Ogrody Perfumeryjne<\/strong><\/h3><\/div><p class=\"uagb-ifb-desc\">Grasse otoczone jest polami kwiat\u00f3w, kt\u00f3re s\u0105 podstaw\u0105 do produkcji perfum. Warto odwiedzi\u0107 Ogrody Muzeum Perfum (Jardins du Mus\u00e9e International de la Parfumerie), gdzie mo\u017cna zobaczy\u0107 ro\u015bliny u\u017cywane w perfumiarstwie, takie jak r\u00f3\u017ca, ja\u015bmin czy lawenda.<br>Ciekawostka: Do produkcji jednego litra olejku r\u00f3\u017canego potrzeba a\u017c 5 ton p\u0142atk\u00f3w r\u00f3\u017c!<\/p><\/div><\/div>\n\n\n\n<div class=\"wp-block-uagb-image alignleft uagb-block-1c7lrcav wp-block-uagb-image--layout-default wp-block-uagb-image--effect-static wp-block-uagb-image--align-left\"><figure class=\"wp-block-uagb-image__figure\"><img loading=\"lazy\" decoding=\"async\" srcset=\"https:\/\/wakacje-we-francji.pl\/wp-content\/uploads\/2025\/02\/Grasse2-1024x592.jpg ,https:\/\/wakacje-we-francji.pl\/wp-content\/uploads\/2025\/02\/Grasse2.jpg 780w, https:\/\/wakacje-we-francji.pl\/wp-content\/uploads\/2025\/02\/Grasse2.jpg 360w\" sizes=\"auto, (max-width: 480px) 150px\" src=\"https:\/\/wakacje-we-francji.pl\/wp-content\/uploads\/2025\/02\/Grasse2-1024x592.jpg\" alt=\"\" class=\"uag-image-1799\" width=\"564\" height=\"450\" title=\"Grasse(2)\" role=\"img\"\/><\/figure><\/div>\n<\/div><\/div>\n<\/div><\/div>\n\n\n\n<div class=\"wp-block-uagb-container uagb-block-wxaaftp6 alignfull uagb-is-root-container\"><div class=\"uagb-container-inner-blocks-wrap\">\n<div class=\"wp-block-uagb-container uagb-block-gzgvan9p\">\n<div class=\"wp-block-uagb-image alignleft uagb-block-bpvqpjqa wp-block-uagb-image--layout-default wp-block-uagb-image--effect-static wp-block-uagb-image--align-left\"><figure class=\"wp-block-uagb-image__figure\"><img loading=\"lazy\" decoding=\"async\" srcset=\"https:\/\/wakacje-we-francji.pl\/wp-content\/uploads\/2025\/02\/23.png ,https:\/\/wakacje-we-francji.pl\/wp-content\/uploads\/2025\/02\/23.png 780w, https:\/\/wakacje-we-francji.pl\/wp-content\/uploads\/2025\/02\/23.png 360w\" sizes=\"auto, (max-width: 480px) 150px\" src=\"https:\/\/wakacje-we-francji.pl\/wp-content\/uploads\/2025\/02\/23.png\" alt=\"\" class=\"uag-image-1800\" width=\"564\" height=\"400\" title=\"23\" role=\"img\"\/><\/figure><\/div>\n\n\n\n<div class=\"wp-block-uagb-info-box uagb-block-r3wdfry9 uagb-infobox__content-wrap  uagb-infobox-icon-above-title uagb-infobox-image-valign-top\"><div class=\"uagb-ifb-content\"><div class=\"uagb-ifb-title-wrap\"><p class=\"uagb-ifb-title-prefix\">01<\/p><h3 class=\"uagb-ifb-title\"><strong>Festiwale i Wydarzenia<\/strong><\/h3><\/div><p class=\"uagb-ifb-desc\">Grasse to miasto, kt\u00f3re \u017cyje festiwalami. Najwa\u017cniejsze z nich to:<br>Expo Rose \u2013 festiwal r\u00f3\u017c, kt\u00f3ry odbywa si\u0119 w maju,<br>Jasmin Festival \u2013 festiwal ja\u015bminu, kt\u00f3ry odbywa si\u0119 w sierpniu i przyci\u0105ga t\u0142umy turyst\u00f3w.<br><br>Ciekawostka: Podczas Jasmin Festival ulice miasta s\u0105 udekorowane kwiatami, a mieszka\u0144cy i tury\u015bci bawi\u0105 si\u0119 przy d\u017awi\u0119kach muzyki.<\/p><\/div><\/div>\n<\/div>\n\n\n\n<div class=\"wp-block-uagb-container uagb-block-lj9pffrq\">\n<div class=\"wp-block-uagb-image alignleft uagb-block-1cxgru71 wp-block-uagb-image--layout-default wp-block-uagb-image--effect-static wp-block-uagb-image--align-left\"><figure class=\"wp-block-uagb-image__figure\"><img loading=\"lazy\" decoding=\"async\" srcset=\"https:\/\/wakacje-we-francji.pl\/wp-content\/uploads\/2025\/02\/Villa_Musee_Fragonard-1024x768.jpg ,https:\/\/wakacje-we-francji.pl\/wp-content\/uploads\/2025\/02\/Villa_Musee_Fragonard.jpg 780w, https:\/\/wakacje-we-francji.pl\/wp-content\/uploads\/2025\/02\/Villa_Musee_Fragonard.jpg 360w\" sizes=\"auto, (max-width: 480px) 150px\" src=\"https:\/\/wakacje-we-francji.pl\/wp-content\/uploads\/2025\/02\/Villa_Musee_Fragonard-1024x768.jpg\" alt=\"\" class=\"uag-image-1801\" width=\"564\" height=\"400\" title=\"Villa_Mus\u00e9e_Fragonard\" role=\"img\"\/><\/figure><\/div>\n\n\n\n<div class=\"wp-block-uagb-info-box uagb-block-o5qrfzgx uagb-infobox__content-wrap  uagb-infobox-icon-above-title uagb-infobox-image-valign-top\"><div class=\"uagb-ifb-content\"><div class=\"uagb-ifb-title-wrap\"><p class=\"uagb-ifb-title-prefix\">02<\/p><h3 class=\"uagb-ifb-title\"><strong>Villa Fragonard<\/strong><\/h3><\/div><p class=\"uagb-ifb-desc\">Villa Fragonard to muzeum po\u015bwi\u0119cone tw\u00f3rczo\u015bci Jeana-Honor\u00e9 Fragonarda, s\u0142ynnego malarza urodzonego w Grasse. W willi mo\u017cna podziwia\u0107 jego obrazy oraz pozna\u0107 histori\u0119 rodziny Fragonard.<br>Ciekawostka: Jean-Honor\u00e9 Fragonard by\u0142 jednym z najwa\u017cniejszych artyst\u00f3w epoki rokoka.<\/p><\/div><\/div>\n<\/div>\n<\/div><\/div>\n\n\n\n<div class=\"wp-block-uagb-container uagb-block-twjdnaiu alignfull uagb-is-root-container\"><div class=\"uagb-container-inner-blocks-wrap\">\n<div class=\"wp-block-uagb-info-box uagb-block-vdsn1yhv uagb-infobox__content-wrap  uagb-infobox-icon-above-title uagb-infobox-image-valign-top\"><div class=\"uagb-ifb-content\"><div class=\"uagb-ifb-title-wrap\"><h2 class=\"uagb-ifb-title\">Grasse to miasto<\/h2><\/div><p class=\"uagb-ifb-desc\">kt\u00f3re zachwyca swoj\u0105 histori\u0105, zapachami i pi\u0119knem. Niezale\u017cnie od tego, czy jeste\u015b mi\u0142o\u015bnikiem perfum, historii, czy po prostu chcesz poczu\u0107 klimat prowansalskiego miasteczka, Grasse Ci\u0119 zachwyci. Mam nadziej\u0119, \u017ce ten przewodnik pomo\u017ce Ci zaplanowa\u0107 niezapomnian\u0105 podr\u00f3\u017c do tego wyj\u0105tkowego miejsca.<br>Je\u015bli szukasz wi\u0119cej inspiracji lub chcesz zorganizowa\u0107 wycieczk\u0119 do Grasse, zapraszam do kontaktu z naszym biurem podr\u00f3\u017cy. Specjalizujemy si\u0119 w wyjazdach do Francji, a Grasse to jedno z naszych ulubionych miejsc! Bon voyage!<\/p><\/div><\/div>\n\n\n\n<div class=\"wp-block-uagb-image alignleft uagb-block-pfuuqxyx wp-block-uagb-image--layout-default wp-block-uagb-image--effect-static wp-block-uagb-image--align-left\"><figure class=\"wp-block-uagb-image__figure\"><img loading=\"lazy\" decoding=\"async\" srcset=\"https:\/\/wakacje-we-francji.pl\/wp-content\/uploads\/2025\/02\/grasse-toits.jpg ,https:\/\/wakacje-we-francji.pl\/wp-content\/uploads\/2025\/02\/grasse-toits.jpg 780w, https:\/\/wakacje-we-francji.pl\/wp-content\/uploads\/2025\/02\/grasse-toits.jpg 360w\" sizes=\"auto, (max-width: 480px) 150px\" src=\"https:\/\/wakacje-we-francji.pl\/wp-content\/uploads\/2025\/02\/grasse-toits.jpg\" alt=\"\" class=\"uag-image-1802\" width=\"1200\" height=\"350\" title=\"grasse-toits\" role=\"img\"\/><\/figure><\/div>\n<\/div><\/div>","protected":false},"excerpt":{"rendered":"","protected":false},"author":2,"featured_media":0,"comment_status":"closed","ping_status":"open","sticky":false,"template":"","format":"standard","meta":{"_uag_custom_page_level_css":"","footnotes":""},"categories":[20],"tags":[],"class_list":["post-1791","post","type-post","status-publish","format-standard","hentry","category-poradnik"],"uagb_featured_image_src":{"full":false,"thumbnail":false,"medium":false,"medium_large":false,"large":false,"1536x1536":false,"2048x2048":false,"trp-custom-language-flag":false},"uagb_author_info":{"display_name":"janusz","author_link":"https:\/\/wakacje-we-francji.pl\/en\/author\/janusz\/"},"uagb_comment_info":0,"uagb_excerpt":null,"_links":{"self":[{"href":"https:\/\/wakacje-we-francji.pl\/en\/wp-json\/wp\/v2\/posts\/1791","targetHints":{"allow":["GET"]}}],"collection":[{"href":"https:\/\/wakacje-we-francji.pl\/en\/wp-json\/wp\/v2\/posts"}],"about":[{"href":"https:\/\/wakacje-we-francji.pl\/en\/wp-json\/wp\/v2\/types\/post"}],"author":[{"embeddable":true,"href":"https:\/\/wakacje-we-francji.pl\/en\/wp-json\/wp\/v2\/users\/2"}],"replies":[{"embeddable":true,"href":"https:\/\/wakacje-we-francji.pl\/en\/wp-json\/wp\/v2\/comments?post=1791"}],"version-history":[{"count":4,"href":"https:\/\/wakacje-we-francji.pl\/en\/wp-json\/wp\/v2\/posts\/1791\/revisions"}],"predecessor-version":[{"id":1807,"href":"https:\/\/wakacje-we-francji.pl\/en\/wp-json\/wp\/v2\/posts\/1791\/revisions\/1807"}],"wp:attachment":[{"href":"https:\/\/wakacje-we-francji.pl\/en\/wp-json\/wp\/v2\/media?parent=1791"}],"wp:term":[{"taxonomy":"category","embeddable":true,"href":"https:\/\/wakacje-we-francji.pl\/en\/wp-json\/wp\/v2\/categories?post=1791"},{"taxonomy":"post_tag","embeddable":true,"href":"https:\/\/wakacje-we-francji.pl\/en\/wp-json\/wp\/v2\/tags?post=1791"}],"curies":[{"name":"wp","href":"https:\/\/api.w.org\/{rel}","templated":true}]}}