{"id":1808,"date":"2025-02-27T13:10:24","date_gmt":"2025-02-27T12:10:24","guid":{"rendered":"https:\/\/wakacje-we-francji.pl\/?p=1808"},"modified":"2025-02-27T17:28:21","modified_gmt":"2025-02-27T16:28:21","slug":"port-grimaud-st-tropez","status":"publish","type":"post","link":"https:\/\/wakacje-we-francji.pl\/en\/port-grimaud-st-tropez\/","title":{"rendered":"Port Grimaud i Saint Tropez &#8211;  Per\u0142y Po\u0142udniowej Francji"},"content":{"rendered":"<div class=\"wp-block-uagb-container uagb-block-uu6nycgu alignfull uagb-is-root-container\"><div class=\"uagb-container-inner-blocks-wrap\">\n<div class=\"wp-block-uagb-info-box uagb-block-ce6tqj5o uagb-infobox__content-wrap  uagb-infobox-icon-above-title uagb-infobox-image-valign-top\"><div class=\"uagb-ifb-content\"><div class=\"uagb-ifb-title-wrap\"><h3 class=\"uagb-ifb-title\">Port Grimaud i Saint Tropez &#8211;\u00a0 Per\u0142y Po\u0142udniowej Francji<\/h3><\/div><\/div><\/div>\n\n\n\n<div class=\"wp-block-uagb-info-box uagb-block-aqdugm7u uagb-infobox__content-wrap  uagb-infobox-icon-above-title uagb-infobox-image-valign-top\"><div class=\"uagb-ifb-content\"><div class=\"uagb-ifb-title-wrap\"><\/div><p class=\"uagb-ifb-desc\">Lazurowe Wybrze\u017ce (C\u00f4te d\u2019Azur) to jedno z najbardziej malowniczych i luksusowych miejsc na \u015bwiecie. W\u015br\u00f3d jego klejnot\u00f3w, Port Grimaud i Saint-Tropez wyr\u00f3\u017cniaj\u0105 si\u0119 nie tylko ze wzgl\u0119du na swoje wyj\u0105tkowe pi\u0119kno, ale tak\u017ce na bogat\u0105 histori\u0119, kultur\u0119 i unikalne atrakcje, kt\u00f3re przyci\u0105gaj\u0105 turyst\u00f3w z ca\u0142ego \u015bwiata. Je\u015bli planujesz podr\u00f3\u017c do Francji, te miejsca z pewno\u015bci\u0105 powinny znale\u017a\u0107 si\u0119 na Twojej li\u015bcie.<\/p><\/div><\/div>\n<\/div><\/div>\n\n\n\n<div class=\"wp-block-uagb-container uagb-block-qcl75hop alignfull uagb-is-root-container\"><div class=\"uagb-container-inner-blocks-wrap\">\n<div class=\"wp-block-uagb-container uagb-block-khrcgrwa\">\n<div class=\"wp-block-uagb-info-box uagb-block-ahmyezbm uagb-infobox__content-wrap  uagb-infobox-icon-above-title uagb-infobox-image-valign-top wp-block-uagb-info-box--has-margin\"><div class=\"uagb-infobox-margin-wrapper\"><div class=\"uagb-ifb-content\"><div class=\"uagb-ifb-title-wrap\"><h3 class=\"uagb-ifb-title\"><strong>Port Grimaud \u2013 Wenecja Lazurowego Wybrze\u017ca<\/strong><\/h3><\/div><p class=\"uagb-ifb-desc\">Port Grimaud to niewielkie miasteczko po\u0142o\u017cone w regionie Var, zaledwie kilka kilometr\u00f3w od Saint-Tropez. Cz\u0119sto nazywane \u201eWenecj\u0105 Lazurowego Wybrze\u017ca\u201d. Port Grimaud zachwyca turyst\u00f3w swoimi kana\u0142ami, mostami i kolorowymi domkami. Miasteczko zosta\u0142o zaprojektowane przez francuskiego architekta Fran\u00e7ois Spoerry\u2019ego w latach 60. XX wieku i jest przyk\u0142adem architektury inspirowanej W\u0142ochami.<\/p><\/div><\/div><\/div>\n\n\n\n<div class=\"wp-block-uagb-image alignleft uagb-block-0ntgx2kt wp-block-uagb-image--layout-default wp-block-uagb-image--effect-static wp-block-uagb-image--align-left\"><figure class=\"wp-block-uagb-image__figure\"><img loading=\"lazy\" decoding=\"async\" srcset=\"https:\/\/wakacje-we-francji.pl\/wp-content\/uploads\/2025\/02\/222.png ,https:\/\/wakacje-we-francji.pl\/wp-content\/uploads\/2025\/02\/222.png 780w, https:\/\/wakacje-we-francji.pl\/wp-content\/uploads\/2025\/02\/222.png 360w\" sizes=\"auto, (max-width: 480px) 150px\" src=\"https:\/\/wakacje-we-francji.pl\/wp-content\/uploads\/2025\/02\/222.png\" alt=\"\" class=\"uag-image-1811\" width=\"564\" height=\"376\" title=\"22(2)\" role=\"img\"\/><\/figure><\/div>\n\n\n\n<div class=\"wp-block-uagb-info-box uagb-block-l7yw2qkz uagb-infobox__content-wrap  uagb-infobox-icon-above-title uagb-infobox-image-valign-top wp-block-uagb-info-box--has-margin\"><div class=\"uagb-infobox-margin-wrapper\"><div class=\"uagb-ifb-content\"><div class=\"uagb-ifb-title-wrap\"><h3 class=\"uagb-ifb-title\"><strong>Rynek i Stare Miasto<\/strong><\/h3><\/div><p class=\"uagb-ifb-desc\">Port Grimaud ma r\u00f3wnie\u017c urokliwy rynek, na kt\u00f3rym odbywaj\u0105 si\u0119 regularne targi z regionalnymi produktami. Warto odwiedzi\u0107 to miejsce, by poczu\u0107 lokalny klimat.<\/p><\/div><\/div><\/div>\n<\/div>\n\n\n\n<div class=\"wp-block-uagb-container uagb-block-9jn9mnya\">\n<div class=\"wp-block-uagb-image alignleft uagb-block-gs3i5mae wp-block-uagb-image--layout-default wp-block-uagb-image--effect-static wp-block-uagb-image--align-left\"><figure class=\"wp-block-uagb-image__figure\"><img loading=\"lazy\" decoding=\"async\" srcset=\"https:\/\/wakacje-we-francji.pl\/wp-content\/uploads\/2025\/02\/241.png ,https:\/\/wakacje-we-francji.pl\/wp-content\/uploads\/2025\/02\/241.png 780w, https:\/\/wakacje-we-francji.pl\/wp-content\/uploads\/2025\/02\/241.png 360w\" sizes=\"auto, (max-width: 480px) 150px\" src=\"https:\/\/wakacje-we-francji.pl\/wp-content\/uploads\/2025\/02\/241.png\" alt=\"\" class=\"uag-image-1810\" width=\"564\" height=\"376\" title=\"24(1)\" role=\"img\"\/><\/figure><\/div>\n\n\n\n<div class=\"wp-block-uagb-info-box uagb-block-lapzdszg uagb-infobox__content-wrap  uagb-infobox-icon-above-title uagb-infobox-image-valign-top wp-block-uagb-info-box--has-margin\"><div class=\"uagb-infobox-margin-wrapper\"><div class=\"uagb-ifb-content\"><div class=\"uagb-ifb-title-wrap\"><h3 class=\"uagb-ifb-title\"><strong>G\u0142\u00f3wne atrakcje Portu Grimaud:<\/strong><\/h3><\/div><p class=\"uagb-ifb-desc\"><strong>Kana\u0142y i Mosty<\/strong>\u00a0<br>Najwi\u0119ksz\u0105 atrakcj\u0105 Portu Grimaud s\u0105 malownicze kana\u0142y, po kt\u00f3rych mo\u017cna p\u0142yn\u0105\u0107 tradycyjnymi \u0142odziami. To niezwyk\u0142a okazja, by zobaczy\u0107 miasto z zupe\u0142nie innej perspektywy.<\/p><\/div><\/div><\/div>\n\n\n\n<div class=\"wp-block-uagb-image alignleft uagb-block-uuwkw4io wp-block-uagb-image--layout-default wp-block-uagb-image--effect-static wp-block-uagb-image--align-left\"><figure class=\"wp-block-uagb-image__figure\"><img loading=\"lazy\" decoding=\"async\" srcset=\"https:\/\/wakacje-we-francji.pl\/wp-content\/uploads\/2025\/02\/Sans-titre-1-1-1024x709-1.png ,https:\/\/wakacje-we-francji.pl\/wp-content\/uploads\/2025\/02\/Sans-titre-1-1-1024x709-1.png 780w, https:\/\/wakacje-we-francji.pl\/wp-content\/uploads\/2025\/02\/Sans-titre-1-1-1024x709-1.png 360w\" sizes=\"auto, (max-width: 480px) 150px\" src=\"https:\/\/wakacje-we-francji.pl\/wp-content\/uploads\/2025\/02\/Sans-titre-1-1-1024x709-1.png\" alt=\"\" class=\"uag-image-1812\" width=\"564\" height=\"376\" title=\"Sans-titre-1-1-1024x709\" role=\"img\"\/><\/figure><\/div>\n\n\n\n<div class=\"wp-block-uagb-info-box uagb-block-ftaj2wha uagb-infobox__content-wrap  uagb-infobox-icon-above-title uagb-infobox-image-valign-top wp-block-uagb-info-box--has-margin\"><div class=\"uagb-infobox-margin-wrapper\"><div class=\"uagb-ifb-content\"><div class=\"uagb-ifb-title-wrap\"><h3 class=\"uagb-ifb-title\"><strong>Pla\u017ce<\/strong><\/h3><\/div><p class=\"uagb-ifb-desc\">W okolicy znajduj\u0105 si\u0119 tak\u017ce piaszczyste pla\u017ce, kt\u00f3re s\u0105 idealnym miejscem na relaks po dniu pe\u0142nym zwiedzania. <br>Ciekawostka: Port Grimaud to miejsce, kt\u00f3re nie tylko zachwyca turyst\u00f3w, ale r\u00f3wnie\u017c artyst\u00f3w. To tutaj odbywa si\u0119 coroczny festiwal sztuki, kt\u00f3ry gromadzi tw\u00f3rc\u00f3w z ca\u0142ego \u015bwiata.<\/p><\/div><\/div><\/div>\n<\/div>\n<\/div><\/div>\n\n\n\n<div class=\"wp-block-uagb-container uagb-block-cujgq3so alignfull uagb-is-root-container\"><div class=\"uagb-container-inner-blocks-wrap\">\n<div class=\"wp-block-uagb-image alignleft uagb-block-guax6yil wp-block-uagb-image--layout-default wp-block-uagb-image--effect-static wp-block-uagb-image--align-left\"><figure class=\"wp-block-uagb-image__figure\"><img loading=\"lazy\" decoding=\"async\" srcset=\"https:\/\/wakacje-we-francji.pl\/wp-content\/uploads\/2025\/02\/LP_Saint-Tropez_1920_X_520___px-1024x277.jpg ,https:\/\/wakacje-we-francji.pl\/wp-content\/uploads\/2025\/02\/LP_Saint-Tropez_1920_X_520___px.jpg 780w, https:\/\/wakacje-we-francji.pl\/wp-content\/uploads\/2025\/02\/LP_Saint-Tropez_1920_X_520___px.jpg 360w\" sizes=\"auto, (max-width: 480px) 150px\" src=\"https:\/\/wakacje-we-francji.pl\/wp-content\/uploads\/2025\/02\/LP_Saint-Tropez_1920_X_520___px-1024x277.jpg\" alt=\"\" class=\"uag-image-1815\" width=\"1200\" height=\"350\" title=\"LP_Saint-Tropez_1920_X_520___px\" role=\"img\"\/><\/figure><\/div>\n\n\n\n<div class=\"wp-block-uagb-container uagb-block-rj1kiqmt\">\n<div class=\"wp-block-uagb-info-box uagb-block-dct5bvdy uagb-infobox__content-wrap  uagb-infobox-icon-above-title uagb-infobox-image-valign-top\"><div class=\"uagb-ifb-content\"><div class=\"uagb-ifb-title-wrap\"><h3 class=\"uagb-ifb-title\"><strong>Saint-Tropez Ikona Lazurowego Wybrze\u017ca<\/strong><\/h3><\/div><\/div><\/div>\n\n\n\n<div class=\"wp-block-uagb-info-box uagb-block-xqurz8wt uagb-infobox__content-wrap  uagb-infobox-icon-above-title uagb-infobox-image-valign-top\"><div class=\"uagb-ifb-content\"><div class=\"uagb-ifb-title-wrap\"><\/div><p class=\"uagb-ifb-desc\">Saint-Tropez to miejsce, kt\u00f3re sta\u0142o si\u0119 synonimem luksusu i elegancji. Cho\u0107 pocz\u0105tkowo ma\u0142a wioska rybacka, w latach 50. XX wieku sta\u0142a si\u0119 popularna dzi\u0119ki artystom i p\u00f3\u017aniej zyska\u0142a status wakacyjnego raju dla bogatych i s\u0142awnych. Dzi\u015b jest to jedno z najbardziej rozpoznawalnych miejsc na Lazurowym Wybrze\u017cu.<\/p><\/div><\/div>\n<\/div>\n<\/div><\/div>\n\n\n\n<div class=\"wp-block-uagb-container uagb-block-9tzhhklk alignfull uagb-is-root-container\"><div class=\"uagb-container-inner-blocks-wrap\">\n<div class=\"wp-block-uagb-info-box uagb-block-uveh9h2u uagb-infobox__content-wrap  uagb-infobox-icon-above-title uagb-infobox-image-valign-top\"><div class=\"uagb-ifb-content\"><div class=\"uagb-ifb-title-wrap\"><h3 class=\"uagb-ifb-title\"><br><strong>G\u0142\u00f3wne atrakcje Saint-Tropez:<\/strong><\/h3><\/div><\/div><\/div>\n\n\n\n<div class=\"wp-block-uagb-container uagb-block-xujx8tv1\">\n<div class=\"wp-block-uagb-container uagb-block-hcbitfkc\">\n<div class=\"wp-block-uagb-image alignleft uagb-block-yljyf26m wp-block-uagb-image--layout-default wp-block-uagb-image--effect-static wp-block-uagb-image--align-left\"><figure class=\"wp-block-uagb-image__figure\"><img loading=\"lazy\" decoding=\"async\" srcset=\"https:\/\/wakacje-we-francji.pl\/wp-content\/uploads\/2025\/02\/251.png ,https:\/\/wakacje-we-francji.pl\/wp-content\/uploads\/2025\/02\/251.png 780w, https:\/\/wakacje-we-francji.pl\/wp-content\/uploads\/2025\/02\/251.png 360w\" sizes=\"auto, (max-width: 480px) 150px\" src=\"https:\/\/wakacje-we-francji.pl\/wp-content\/uploads\/2025\/02\/251.png\" alt=\"\" class=\"uag-image-1816\" width=\"576\" height=\"364\" title=\"25(1)\" role=\"img\"\/><\/figure><\/div>\n\n\n\n<div class=\"wp-block-uagb-info-box uagb-block-rtsggidk uagb-infobox__content-wrap  uagb-infobox-icon-above-title uagb-infobox-image-valign-top\"><div class=\"uagb-ifb-content\"><div class=\"uagb-ifb-title-wrap\"><h3 class=\"uagb-ifb-title\"><strong>Port Saint-Tropez<\/strong><\/h3><\/div><p class=\"uagb-ifb-desc\">To serce miasta. Wzd\u0142u\u017c portu cumuj\u0105 luksusowe jachty, a wok\u00f3\u0142 niego znajduje si\u0119 wiele restauracji, kawiarni i butik\u00f3w. Spaceruj\u0105c po porcie, poczujesz si\u0119 jak cz\u0119\u015b\u0107 francuskiej elity.<\/p><\/div><\/div>\n<\/div>\n\n\n\n<div class=\"wp-block-uagb-container uagb-block-xagpbrxb\">\n<div class=\"wp-block-uagb-image alignleft uagb-block-yyhsmqli wp-block-uagb-image--layout-default wp-block-uagb-image--effect-static wp-block-uagb-image--align-left\"><figure class=\"wp-block-uagb-image__figure\"><img loading=\"lazy\" decoding=\"async\" srcset=\"https:\/\/wakacje-we-francji.pl\/wp-content\/uploads\/2025\/02\/27.png ,https:\/\/wakacje-we-francji.pl\/wp-content\/uploads\/2025\/02\/27.png 780w, https:\/\/wakacje-we-francji.pl\/wp-content\/uploads\/2025\/02\/27.png 360w\" sizes=\"auto, (max-width: 480px) 150px\" src=\"https:\/\/wakacje-we-francji.pl\/wp-content\/uploads\/2025\/02\/27.png\" alt=\"\" class=\"uag-image-1817\" width=\"576\" height=\"364\" title=\"27\" role=\"img\"\/><\/figure><\/div>\n\n\n\n<div class=\"wp-block-uagb-info-box uagb-block-j1qplcm2 uagb-infobox__content-wrap  uagb-infobox-icon-above-title uagb-infobox-image-valign-top\"><div class=\"uagb-ifb-content\"><div class=\"uagb-ifb-title-wrap\"><h3 class=\"uagb-ifb-title\"><strong>Plage de Pampelonne<\/strong><\/h3><\/div><p class=\"uagb-ifb-desc\">To jedna z najbardziej znanych pla\u017c w okolicy, znana z krystalicznie czystej wody i piaszczystego brzegu. Idealne miejsce na k\u0105piele s\u0142oneczne czy wykwintne lunche w nadmorskich restauracjach.<\/p><\/div><\/div>\n<\/div>\n\n\n\n<div class=\"wp-block-uagb-container uagb-block-yvxvocmn\">\n<div class=\"wp-block-uagb-image alignleft uagb-block-guawcboj wp-block-uagb-image--layout-default wp-block-uagb-image--effect-static wp-block-uagb-image--align-left\"><figure class=\"wp-block-uagb-image__figure\"><img loading=\"lazy\" decoding=\"async\" srcset=\"https:\/\/wakacje-we-francji.pl\/wp-content\/uploads\/2025\/02\/232.png ,https:\/\/wakacje-we-francji.pl\/wp-content\/uploads\/2025\/02\/232.png 780w, https:\/\/wakacje-we-francji.pl\/wp-content\/uploads\/2025\/02\/232.png 360w\" sizes=\"auto, (max-width: 480px) 150px\" src=\"https:\/\/wakacje-we-francji.pl\/wp-content\/uploads\/2025\/02\/232.png\" alt=\"\" class=\"uag-image-1818\" width=\"576\" height=\"364\" title=\"23(2)\" role=\"img\"\/><\/figure><\/div>\n\n\n\n<div class=\"wp-block-uagb-info-box uagb-block-9sj744hi uagb-infobox__content-wrap  uagb-infobox-icon-above-title uagb-infobox-image-valign-top\"><div class=\"uagb-ifb-content\"><div class=\"uagb-ifb-title-wrap\"><h3 class=\"uagb-ifb-title\"><strong>Muzeum Sztuki Nowoczesnej<\/strong><\/h3><\/div><p class=\"uagb-ifb-desc\">Saint-Tropez to tak\u017ce miasto sztuki. Muzeum Sztuki Nowoczesnej prezentuje prace artyst\u00f3w, kt\u00f3rzy mieli wp\u0142yw na rozw\u00f3j tej miejscowo\u015bci, w tym malarzy, kt\u00f3rzy osiedlili si\u0119 tu w latach 50. i 60.<\/p><\/div><\/div>\n<\/div>\n\n\n\n<div class=\"wp-block-uagb-container uagb-block-cd1m69ai\">\n<div class=\"wp-block-uagb-image alignleft uagb-block-inwcix5z wp-block-uagb-image--layout-default wp-block-uagb-image--effect-static wp-block-uagb-image--align-left\"><figure class=\"wp-block-uagb-image__figure\"><img loading=\"lazy\" decoding=\"async\" srcset=\"https:\/\/wakacje-we-francji.pl\/wp-content\/uploads\/2025\/02\/261.png ,https:\/\/wakacje-we-francji.pl\/wp-content\/uploads\/2025\/02\/261.png 780w, https:\/\/wakacje-we-francji.pl\/wp-content\/uploads\/2025\/02\/261.png 360w\" sizes=\"auto, (max-width: 480px) 150px\" src=\"https:\/\/wakacje-we-francji.pl\/wp-content\/uploads\/2025\/02\/261.png\" alt=\"\" class=\"uag-image-1819\" width=\"576\" height=\"364\" title=\"26(1)\" role=\"img\"\/><\/figure><\/div>\n\n\n\n<div class=\"wp-block-uagb-info-box uagb-block-arkxzzop uagb-infobox__content-wrap  uagb-infobox-icon-above-title uagb-infobox-image-valign-top\"><div class=\"uagb-ifb-content\"><div class=\"uagb-ifb-title-wrap\"><h3 class=\"uagb-ifb-title\"><strong>Plac des Lices<\/strong><\/h3><\/div><p class=\"uagb-ifb-desc\">To centralne miejsce \u017cycia Saint-Tropez. Na tym placu odbywaj\u0105 si\u0119 tradycyjne turnieje petanki, a tak\u017ce odbywa si\u0119 targ, gdzie mo\u017cna kupi\u0107 \u015bwie\u017ce produkty lokalne.<br><br><br>Ciekawostka: Saint-Tropez sta\u0142o si\u0119 znane na ca\u0142ym \u015bwiecie dzi\u0119ki Brigitte Bardot, kt\u00f3ra w latach 50. XX wieku przyci\u0105gn\u0119\u0142a uwag\u0119 medi\u00f3w, co spowodowa\u0142o szybki rozw\u00f3j turystyki.<\/p><\/div><\/div>\n<\/div>\n<\/div>\n<\/div><\/div>\n\n\n\n<div class=\"wp-block-uagb-container uagb-block-c3mheefj alignfull uagb-is-root-container\"><div class=\"uagb-container-inner-blocks-wrap\">\n<div class=\"wp-block-uagb-image alignleft uagb-block-qalvcnpu wp-block-uagb-image--layout-default wp-block-uagb-image--effect-static wp-block-uagb-image--align-left\"><figure class=\"wp-block-uagb-image__figure\"><img loading=\"lazy\" decoding=\"async\" srcset=\"https:\/\/wakacje-we-francji.pl\/wp-content\/uploads\/2025\/02\/5a159a1a66786f0001e80f52_section-image_saint-tropez-1024x256.jpg ,https:\/\/wakacje-we-francji.pl\/wp-content\/uploads\/2025\/02\/5a159a1a66786f0001e80f52_section-image_saint-tropez.jpg 780w, https:\/\/wakacje-we-francji.pl\/wp-content\/uploads\/2025\/02\/5a159a1a66786f0001e80f52_section-image_saint-tropez.jpg 360w\" sizes=\"auto, (max-width: 480px) 150px\" src=\"https:\/\/wakacje-we-francji.pl\/wp-content\/uploads\/2025\/02\/5a159a1a66786f0001e80f52_section-image_saint-tropez-1024x256.jpg\" alt=\"\" class=\"uag-image-1821\" width=\"1200\" height=\"350\" title=\"5a159a1a66786f0001e80f52_section-image_saint-tropez\" role=\"img\"\/><\/figure><\/div>\n\n\n\n<div class=\"wp-block-uagb-container uagb-block-lp4biwne\">\n<div class=\"wp-block-uagb-info-box uagb-block-ihedmdwi uagb-infobox__content-wrap  uagb-infobox-icon-above-title uagb-infobox-image-valign-top\"><div class=\"uagb-ifb-content\"><div class=\"uagb-ifb-title-wrap\"><h3 class=\"uagb-ifb-title\"><strong>Lody na Starym Mie\u015bcie<\/strong><\/h3><\/div><\/div><\/div>\n\n\n\n<div class=\"wp-block-uagb-info-box uagb-block-tmph5os8 uagb-infobox__content-wrap  uagb-infobox-icon-above-title uagb-infobox-image-valign-top\"><div class=\"uagb-ifb-content\"><div class=\"uagb-ifb-title-wrap\"><\/div><p class=\"uagb-ifb-desc\">Ka\u017cdy turysta, kt\u00f3ry odwiedza Saint-Tropez, powinien spr\u00f3bowa\u0107 lokalnych lod\u00f3w w jednej z kafejek na Starym Mie\u015bcie. Ich smak jest niezr\u00f3wnany, a w szczeg\u00f3lno\u015bci polecane s\u0105 lody cytrynowe, kt\u00f3re orze\u017awiaj\u0105 w gor\u0105ce dni. Spaceruj\u0105c po w\u0105skich uliczkach Starego Miasta, mo\u017cna natkn\u0105\u0107 si\u0119 na ma\u0142e, rodzinne lodziarnie, kt\u00f3re serwuj\u0105 najlepsze lody w mie\u015bcie.<br>Port Grimaud i Saint-Tropez to miejsca, kt\u00f3re zachwycaj\u0105 ka\u017cdego, niezale\u017cnie od tego, czy szukasz relaksu, luksusu, historii czy niezapomnianych widok\u00f3w. Bez wzgl\u0119du na to, czy interesuje Ci\u0119 kultura, sztuka, pla\u017ce, czy po prostu chcesz poczu\u0107 si\u0119 cz\u0119\u015bci\u0105 tego ekskluzywnego \u015bwiata. Te dwa miejsca z pewno\u015bci\u0105 b\u0119d\u0105 niezapomnianym przystankiem w Twojej podr\u00f3\u017cy po Lazurowym Wybrze\u017cu.<\/p><\/div><\/div>\n<\/div>\n<\/div><\/div>","protected":false},"excerpt":{"rendered":"","protected":false},"author":3,"featured_media":0,"comment_status":"closed","ping_status":"open","sticky":false,"template":"","format":"standard","meta":{"_uag_custom_page_level_css":"","footnotes":""},"categories":[20],"tags":[],"class_list":["post-1808","post","type-post","status-publish","format-standard","hentry","category-poradnik"],"uagb_featured_image_src":{"full":false,"thumbnail":false,"medium":false,"medium_large":false,"large":false,"1536x1536":false,"2048x2048":false,"trp-custom-language-flag":false},"uagb_author_info":{"display_name":"agnieszka","author_link":"https:\/\/wakacje-we-francji.pl\/en\/author\/agnieszka\/"},"uagb_comment_info":0,"uagb_excerpt":null,"_links":{"self":[{"href":"https:\/\/wakacje-we-francji.pl\/en\/wp-json\/wp\/v2\/posts\/1808","targetHints":{"allow":["GET"]}}],"collection":[{"href":"https:\/\/wakacje-we-francji.pl\/en\/wp-json\/wp\/v2\/posts"}],"about":[{"href":"https:\/\/wakacje-we-francji.pl\/en\/wp-json\/wp\/v2\/types\/post"}],"author":[{"embeddable":true,"href":"https:\/\/wakacje-we-francji.pl\/en\/wp-json\/wp\/v2\/users\/3"}],"replies":[{"embeddable":true,"href":"https:\/\/wakacje-we-francji.pl\/en\/wp-json\/wp\/v2\/comments?post=1808"}],"version-history":[{"count":2,"href":"https:\/\/wakacje-we-francji.pl\/en\/wp-json\/wp\/v2\/posts\/1808\/revisions"}],"predecessor-version":[{"id":1823,"href":"https:\/\/wakacje-we-francji.pl\/en\/wp-json\/wp\/v2\/posts\/1808\/revisions\/1823"}],"wp:attachment":[{"href":"https:\/\/wakacje-we-francji.pl\/en\/wp-json\/wp\/v2\/media?parent=1808"}],"wp:term":[{"taxonomy":"category","embeddable":true,"href":"https:\/\/wakacje-we-francji.pl\/en\/wp-json\/wp\/v2\/categories?post=1808"},{"taxonomy":"post_tag","embeddable":true,"href":"https:\/\/wakacje-we-francji.pl\/en\/wp-json\/wp\/v2\/tags?post=1808"}],"curies":[{"name":"wp","href":"https:\/\/api.w.org\/{rel}","templated":true}]}}