{"id":1826,"date":"2025-02-27T16:35:36","date_gmt":"2025-02-27T15:35:36","guid":{"rendered":"https:\/\/wakacje-we-francji.pl\/?p=1826"},"modified":"2025-02-28T10:44:33","modified_gmt":"2025-02-28T09:44:33","slug":"kanion-verdon","status":"publish","type":"post","link":"https:\/\/wakacje-we-francji.pl\/en\/kanion-verdon\/","title":{"rendered":"Kanion Verdon"},"content":{"rendered":"<div class=\"wp-block-uagb-container uagb-block-hlpiqweo alignfull uagb-is-root-container\">\n<div class=\"wp-block-uagb-container uagb-block-uap8q8mw\">\n<div class=\"wp-block-uagb-info-box uagb-block-lccvpham uagb-infobox__content-wrap  uagb-infobox-icon-above-title uagb-infobox-image-valign-top\"><div class=\"uagb-ifb-content\"><div class=\"uagb-ifb-title-wrap\"><h3 class=\"uagb-ifb-title\">Kanion Verdon \u2013 \u201eEuropejski Grand Canyon\u201d i jedno z najpi\u0119kniejszych miejsc<br>Lazurowego Wybrze\u017ca<\/h3><\/div><\/div><\/div>\n\n\n\n<div class=\"wp-block-uagb-container uagb-block-o7vzr0el\">\n<div class=\"wp-block-uagb-info-box uagb-block-h6ojiaft uagb-infobox__content-wrap  uagb-infobox-icon-above-title uagb-infobox-image-valign-top\"><div class=\"uagb-ifb-content\"><div class=\"uagb-ifb-title-wrap\"><\/div><p class=\"uagb-ifb-desc\">Lazurowe Wybrze\u017ce kojarzy si\u0119 g\u0142\u00f3wnie z malowniczymi pla\u017cami, eleganckimi kurortami i<br>lazurow\u0105 wod\u0105 Morza \u015ar\u00f3dziemnego. Jednak ten region Francji skrywa tak\u017ce niezwyk\u0142e<br>cuda natury, a jednym z nich jest Kanion Verdon \u2013 najwi\u0119kszy kanion w Europie, cz\u0119sto<br>nazywany \u201eeuropejskim Grand Canyonem\u201d. To obowi\u0105zkowy punkt na mapie ka\u017cdego<br>mi\u0142o\u015bnika przyrody, aktywnego wypoczynku i zapieraj\u0105cych dech w piersiach widok\u00f3w.<\/p><\/div><\/div>\n<\/div>\n<\/div>\n\n\n\n<div class=\"wp-block-uagb-container uagb-block-gudnbozu alignfull uagb-is-root-container\"><\/div>\n<\/div>\n\n\n\n<div class=\"wp-block-uagb-container uagb-block-bvnnllhr alignfull uagb-is-root-container\"><div class=\"uagb-container-inner-blocks-wrap\">\n<div class=\"wp-block-uagb-container uagb-block-5zfktmpt\">\n<div class=\"wp-block-uagb-info-box uagb-block-1yzfxjjk uagb-infobox__content-wrap  uagb-infobox-icon-above-title uagb-infobox-image-valign-top\"><div class=\"uagb-ifb-content\"><div class=\"uagb-ifb-title-wrap\"><h3 class=\"uagb-ifb-title\">Kanion Verdon \u2013 cud natury na po\u0142udniu Francji<\/h3><\/div><p class=\"uagb-ifb-desc\">Gorges du Verdon to w\u0105w\u00f3z rzeki Verdon, kt\u00f3ry wyrze\u017abi\u0142 monumentalne wapienne<br>\u015bciany, osi\u0105gaj\u0105ce miejscami nawet 700 metr\u00f3w wysoko\u015bci. Kanion rozci\u0105ga si\u0119 na<br>d\u0142ugo\u015bci oko\u0142o 25 kilometr\u00f3w, a jego g\u0142\u00f3wn\u0105 atrakcj\u0105 s\u0105 niesamowite krajobrazy oraz<br>mo\u017cliwo\u015b\u0107 eksploracji na wiele sposob\u00f3w \u2013 pieszo, kajakiem, rowerem wodnym czy nawet<br>samochodem.<br>To miejsce jest rajem dla mi\u0142o\u015bnik\u00f3w przyrody i sport\u00f3w ekstremalnych. Dzi\u0119ki turkusowym<br>wodom rzeki Verdon, majestatycznym ska\u0142om oraz licznym atrakcjom, Kanion Verdon<br>przyci\u0105ga turyst\u00f3w z ca\u0142ego \u015bwiata.<\/p><\/div><\/div>\n<\/div>\n\n\n\n<div class=\"wp-block-uagb-container uagb-block-eaiiudxz\">\n<div class=\"wp-block-uagb-image alignleft uagb-block-d6ntcpxx wp-block-uagb-image--layout-default wp-block-uagb-image--effect-static wp-block-uagb-image--align-left\"><figure class=\"wp-block-uagb-image__figure\"><img loading=\"lazy\" decoding=\"async\" srcset=\"https:\/\/wakacje-we-francji.pl\/wp-content\/uploads\/2025\/02\/IMG_1486-1024x683.jpg ,https:\/\/wakacje-we-francji.pl\/wp-content\/uploads\/2025\/02\/IMG_1486-scaled.jpg 780w, https:\/\/wakacje-we-francji.pl\/wp-content\/uploads\/2025\/02\/IMG_1486-scaled.jpg 360w\" sizes=\"auto, (max-width: 480px) 150px\" src=\"https:\/\/wakacje-we-francji.pl\/wp-content\/uploads\/2025\/02\/IMG_1486-1024x683.jpg\" alt=\"\" class=\"uag-image-1828\" width=\"270\" height=\"360\" title=\"IMG_1486\" role=\"img\"\/><\/figure><\/div>\n\n\n\n<div class=\"wp-block-uagb-image alignleft uagb-block-z3nmbwdp wp-block-uagb-image--layout-default wp-block-uagb-image--effect-static wp-block-uagb-image--align-left\"><figure class=\"wp-block-uagb-image__figure\"><img loading=\"lazy\" decoding=\"async\" srcset=\"https:\/\/wakacje-we-francji.pl\/wp-content\/uploads\/2025\/02\/IMG_1461-1024x683.jpg ,https:\/\/wakacje-we-francji.pl\/wp-content\/uploads\/2025\/02\/IMG_1461-scaled.jpg 780w, https:\/\/wakacje-we-francji.pl\/wp-content\/uploads\/2025\/02\/IMG_1461-scaled.jpg 360w\" sizes=\"auto, (max-width: 480px) 150px\" src=\"https:\/\/wakacje-we-francji.pl\/wp-content\/uploads\/2025\/02\/IMG_1461-1024x683.jpg\" alt=\"\" class=\"uag-image-1829\" width=\"270\" height=\"360\" title=\"IMG_1461\" role=\"img\"\/><\/figure><\/div>\n<\/div>\n<\/div><\/div>\n\n\n\n<div class=\"wp-block-uagb-container uagb-block-xwnhrr6k alignfull uagb-is-root-container\"><div class=\"uagb-container-inner-blocks-wrap\">\n<div class=\"wp-block-uagb-info-box uagb-block-dauup3e1 uagb-infobox__content-wrap  uagb-infobox-icon-above-title uagb-infobox-image-valign-top\"><div class=\"uagb-ifb-content\"><div class=\"uagb-ifb-title-wrap\"><h3 class=\"uagb-ifb-title\">G\u0142\u00f3wne atrakcje Kanionu Verdon<\/h3><\/div><\/div><\/div>\n\n\n\n<div class=\"wp-block-uagb-container uagb-block-ngo5vwyk alignfull uagb-is-root-container\"><div class=\"uagb-container-inner-blocks-wrap\">\n<div class=\"wp-block-uagb-image alignleft uagb-block-w9cqxth5 wp-block-uagb-image--layout-default wp-block-uagb-image--effect-static wp-block-uagb-image--align-left\"><figure class=\"wp-block-uagb-image__figure\"><img loading=\"lazy\" decoding=\"async\" srcset=\"https:\/\/wakacje-we-francji.pl\/wp-content\/uploads\/2025\/02\/IMG_1440-1024x683.jpg ,https:\/\/wakacje-we-francji.pl\/wp-content\/uploads\/2025\/02\/IMG_1440-scaled.jpg 780w, https:\/\/wakacje-we-francji.pl\/wp-content\/uploads\/2025\/02\/IMG_1440-scaled.jpg 360w\" sizes=\"auto, (max-width: 480px) 150px\" src=\"https:\/\/wakacje-we-francji.pl\/wp-content\/uploads\/2025\/02\/IMG_1440-1024x683.jpg\" alt=\"\" class=\"uag-image-1830\" width=\"564\" height=\"400\" title=\"IMG_1440\" role=\"img\"\/><\/figure><\/div>\n\n\n\n<div class=\"wp-block-uagb-container uagb-block-oyzdbzph\">\n<div class=\"wp-block-uagb-info-box uagb-block-zexxf0nf uagb-infobox__content-wrap  uagb-infobox-icon-above-title uagb-infobox-image-valign-top\"><div class=\"uagb-ifb-content\"><div class=\"uagb-ifb-title-wrap\"><h3 class=\"uagb-ifb-title\">Punkt widokowy i most Pont d\u2019Artuby<\/h3><\/div><p class=\"uagb-ifb-desc\">Jednym z najbardziej spektakularnych punkt\u00f3w widokowych w kanionie jest most Pont<br>d\u2019Artuby. Znajduje si\u0119 on 182 metry nad przepa\u015bci\u0105 i jest jednym z najwy\u017cszych most\u00f3w<br>we Francji. To w\u0142a\u015bnie tutaj odbywaj\u0105 si\u0119 skoki na bungee \u2013 do\u015bwiadczenie dla tych,<br>kt\u00f3rzy szukaj\u0105 prawdziwego zastrzyku adrenaliny! Nawet je\u015bli nie planujesz skoku, warto<br>zatrzyma\u0107 si\u0119 na mo\u015bcie, aby podziwia\u0107 wspania\u0142e widoki na otaczaj\u0105ce ska\u0142y i rzek\u0119<br>wij\u0105c\u0105 si\u0119 w g\u0142\u0119bi w\u0105wozu.<br>Ciekawostka: Most Pont d\u2019Artuby jest jednym z najpopularniejszych miejsc do skok\u00f3w na<br>bungee w Europie. \u015amia\u0142kowie z ca\u0142ego \u015bwiata przyje\u017cd\u017caj\u0105 tutaj, by prze\u017cy\u0107 jedn\u0105 z<br>najbardziej ekstremalnych przyg\u00f3d we Francji!<\/p><\/div><\/div>\n<\/div>\n<\/div><\/div>\n<\/div><\/div>\n\n\n\n<div class=\"wp-block-uagb-container uagb-block-370379cf alignfull uagb-is-root-container\"><div class=\"uagb-container-inner-blocks-wrap\">\n<div class=\"wp-block-uagb-info-box uagb-block-cdf0017a uagb-infobox__content-wrap  uagb-infobox-icon-above-title uagb-infobox-image-valign-top\"><div class=\"uagb-ifb-content\"><div class=\"uagb-ifb-title-wrap\"><\/div><\/div><\/div>\n\n\n\n<div class=\"wp-block-uagb-container uagb-block-cf40d95d alignfull uagb-is-root-container\"><div class=\"uagb-container-inner-blocks-wrap\">\n<div class=\"wp-block-uagb-image alignleft uagb-block-5ec0b3ce wp-block-uagb-image--layout-default wp-block-uagb-image--effect-static wp-block-uagb-image--align-left\"><figure class=\"wp-block-uagb-image__figure\"><img loading=\"lazy\" decoding=\"async\" srcset=\"https:\/\/wakacje-we-francji.pl\/wp-content\/uploads\/2025\/02\/IMG_1456-1024x683.jpg ,https:\/\/wakacje-we-francji.pl\/wp-content\/uploads\/2025\/02\/IMG_1456-scaled.jpg 780w, https:\/\/wakacje-we-francji.pl\/wp-content\/uploads\/2025\/02\/IMG_1456-scaled.jpg 360w\" sizes=\"auto, (max-width: 480px) 150px\" src=\"https:\/\/wakacje-we-francji.pl\/wp-content\/uploads\/2025\/02\/IMG_1456-1024x683.jpg\" alt=\"\" class=\"uag-image-1831\" width=\"564\" height=\"400\" title=\"IMG_1456\" role=\"img\"\/><\/figure><\/div>\n\n\n\n<div class=\"wp-block-uagb-container uagb-block-9ff359ff\">\n<div class=\"wp-block-uagb-info-box uagb-block-e58a0823 uagb-infobox__content-wrap  uagb-infobox-icon-above-title uagb-infobox-image-valign-top\"><div class=\"uagb-ifb-content\"><div class=\"uagb-ifb-title-wrap\"><h3 class=\"uagb-ifb-title\">Jezioro Sainte-Croix \u2013 turkusowa per\u0142a u wr\u00f3t kanionu<\/h3><\/div><p class=\"uagb-ifb-desc\">Na po\u0142udniowym kra\u0144cu kanionu znajduje si\u0119 Jezioro Sainte-Croix, kt\u00f3rego niezwyk\u0142y<br>turkusowy kolor zapiera dech w piersiach. Jest to jedno z najlepszych miejsc na<br>odpoczynek i rekreacj\u0119 \u2013 mo\u017cna tu wypo\u017cyczy\u0107 rowery wodne, kajaki lub po prostu<br>pop\u0142ywa\u0107 w krystalicznie czystej wodzie.<br>To w\u0142a\u015bnie st\u0105d najlepiej rozpocz\u0105\u0107 wodn\u0105 eksploracj\u0119 kanionu \u2013 wp\u0142yni\u0119cie kajakiem lub<br>rowerem wodnym do Kanionu Verdon to absolutny \u201emust-do\u201d! \u015aciany kanionu stopniowo<br>si\u0119 zw\u0119\u017caj\u0105, a woda mieni si\u0119 r\u00f3\u017cnymi odcieniami zieleni i b\u0142\u0119kitu, tworz\u0105c niezwykle<br>malowniczy krajobraz.<br>Ciekawostka: Woda w jeziorze Sainte-Croix pochodzi z rzeki Verdon, kt\u00f3ra w tym miejscu<br>zwalnia sw\u00f3j bieg. Turkusowy kolor wody zawdzi\u0119czamy wysokiej zawarto\u015bci minera\u0142\u00f3w.<\/p><\/div><\/div>\n<\/div>\n<\/div><\/div>\n<\/div><\/div>\n\n\n\n<div class=\"wp-block-uagb-container uagb-block-984668f9 alignfull uagb-is-root-container\"><div class=\"uagb-container-inner-blocks-wrap\">\n<div class=\"wp-block-uagb-info-box uagb-block-d900ecfe uagb-infobox__content-wrap  uagb-infobox-icon-above-title uagb-infobox-image-valign-top\"><div class=\"uagb-ifb-content\"><div class=\"uagb-ifb-title-wrap\"><\/div><\/div><\/div>\n\n\n\n<div class=\"wp-block-uagb-container uagb-block-7d674292 alignfull uagb-is-root-container\"><div class=\"uagb-container-inner-blocks-wrap\">\n<div class=\"wp-block-uagb-image alignleft uagb-block-6f5dc958 wp-block-uagb-image--layout-default wp-block-uagb-image--effect-static wp-block-uagb-image--align-left\"><figure class=\"wp-block-uagb-image__figure\"><img loading=\"lazy\" decoding=\"async\" srcset=\"https:\/\/wakacje-we-francji.pl\/wp-content\/uploads\/2025\/02\/IMG_1498-1024x683.jpg ,https:\/\/wakacje-we-francji.pl\/wp-content\/uploads\/2025\/02\/IMG_1498-scaled.jpg 780w, https:\/\/wakacje-we-francji.pl\/wp-content\/uploads\/2025\/02\/IMG_1498-scaled.jpg 360w\" sizes=\"auto, (max-width: 480px) 150px\" src=\"https:\/\/wakacje-we-francji.pl\/wp-content\/uploads\/2025\/02\/IMG_1498-1024x683.jpg\" alt=\"\" class=\"uag-image-1832\" width=\"564\" height=\"400\" title=\"IMG_1498\" role=\"img\"\/><\/figure><\/div>\n\n\n\n<div class=\"wp-block-uagb-container uagb-block-8f70244e\">\n<div class=\"wp-block-uagb-info-box uagb-block-dab0a1d7 uagb-infobox__content-wrap  uagb-infobox-icon-above-title uagb-infobox-image-valign-top\"><div class=\"uagb-ifb-content\"><div class=\"uagb-ifb-title-wrap\"><h3 class=\"uagb-ifb-title\">Trasa widokowa Route des Cr\u00eates<\/h3><\/div><p class=\"uagb-ifb-desc\">zapieraj\u0105ce dech w piersiach panoramy<br>Dla os\u00f3b podr\u00f3\u017cuj\u0105cych samochodem lub motocyklem najlepszym sposobem na<br>podziwianie kanionu jest przejazd tras\u0105 Route des Cr\u00eates. To w\u0105ska, kr\u0119ta droga<br>prowadz\u0105ca przez najbardziej spektakularne punkty widokowe, sk\u0105d mo\u017cna zobaczy\u0107<br>kanion w ca\u0142ej okaza\u0142o\u015bci. Trasa jest pe\u0142na punkt\u00f3w widokowych, gdzie mo\u017cna zatrzyma\u0107<br>si\u0119 na kr\u00f3tk\u0105 przerw\u0119 i zrobi\u0107 niezapomniane zdj\u0119cia.<br>Najlepsze punkty widokowe na trasie:<br>Balcon de la Mescla \u2013 jeden z najpi\u0119kniejszych widok\u00f3w na kanion, idealne miejsce na<br>zdj\u0119cia.<br>Point Sublime \u2013 tutaj rzeka Verdon tworzy jeden z najbardziej malowniczych zakr\u0119t\u00f3w w<br>kanionie.<br>Col d\u2019Ayen \u2013 najwy\u017cszy punkt trasy z rozleg\u0142\u0105 panoram\u0105 na ca\u0142\u0105 dolin\u0119.<br>Ciekawostka: Trasa Route des Cr\u00eates jest otwarta tylko w sezonie letnim. Poza sezonem<br>zimowym niekt\u00f3re odcinki mog\u0105 by\u0107 zamkni\u0119te z powodu trudnych warunk\u00f3w<br>pogodowych.<\/p><\/div><\/div>\n<\/div>\n<\/div><\/div>\n<\/div><\/div>\n\n\n\n<div class=\"wp-block-uagb-container uagb-block-zxiakbiy alignfull uagb-is-root-container\"><div class=\"uagb-container-inner-blocks-wrap\">\n<div class=\"wp-block-uagb-container uagb-block-c5pdvzsd\">\n<div class=\"wp-block-uagb-info-box uagb-block-kinqqxz2 uagb-infobox__content-wrap  uagb-infobox-icon-above-title uagb-infobox-image-valign-top\"><div class=\"uagb-ifb-content\"><div class=\"uagb-ifb-title-wrap\"><h3 class=\"uagb-ifb-title\">Wspinaczka, trekking i sporty ekstremalne \u2013 raj dla aktywnych<\/h3><\/div><p class=\"uagb-ifb-desc\">Kanion Verdon to jeden z najlepszych teren\u00f3w wspinaczkowych w Europie \u2013 znajduje si\u0119<br>tu ponad 1 500 tras wspinaczkowych o r\u00f3\u017cnych stopniach trudno\u015bci! Jest to miejsce<br>ch\u0119tnie odwiedzane przez profesjonalnych wspinaczy, ale tak\u017ce przez osoby, kt\u00f3re<br>dopiero zaczynaj\u0105 swoj\u0105 przygod\u0119 z tym sportem.<br>Ciekawostka: W 1905 roku odkryto pierwsze \u015bcie\u017cki w Kanionie Verdon, jednak przez<br>d\u0142ugi czas by\u0142 to teren niemal\u017ce niedost\u0119pny dla ludzi. Dopiero w latach 30. XX wieku<br>rozpocz\u0119to eksploracj\u0119 kanionu i budow\u0119 pierwszych tras turystycznych.<\/p><\/div><\/div>\n<\/div>\n<\/div><\/div>\n\n\n\n<div class=\"wp-block-uagb-container uagb-block-ldu5qh2z alignfull uagb-is-root-container\"><div class=\"uagb-container-inner-blocks-wrap\">\n<div class=\"wp-block-uagb-container uagb-block-tdjppul9\">\n<div class=\"wp-block-uagb-info-box uagb-block-ub4qqbzj uagb-infobox__content-wrap  uagb-infobox-icon-above-title uagb-infobox-image-valign-top\"><div class=\"uagb-ifb-content\"><div class=\"uagb-ifb-title-wrap\"><h3 class=\"uagb-ifb-title\">Dlaczego warto odwiedzi\u0107 Kanion Verdon?<\/h3><\/div><p class=\"uagb-ifb-desc\">Kanion Verdon to prawdziwy raj dla mi\u0142o\u015bnik\u00f3w natury i aktywnego wypoczynku. To<br>miejsce zachwyci ka\u017cdego \u2013 zar\u00f3wno tych, kt\u00f3rzy chc\u0105 podziwia\u0107 spektakularne widoki z<br>most\u00f3w i tras widokowych, jak i tych, kt\u00f3rzy pragn\u0105 prze\u017cy\u0107 przygod\u0119, p\u0142ywaj\u0105c kajakiem,<br>w\u0119druj\u0105c czy skacz\u0105c na bungee.<br>Je\u015bli wybierasz si\u0119 na Lazurowe Wybrze\u017ce, nie mo\u017cesz pomin\u0105\u0107 Kanionu Verdon. To<br>jedno z tych miejsc, kt\u00f3re pozostaj\u0105 w pami\u0119ci na zawsze!<\/p><\/div><\/div>\n<\/div>\n\n\n\n<div class=\"wp-block-uagb-image uagb-block-nonmwvbb wp-block-uagb-image--layout-default wp-block-uagb-image--effect-static wp-block-uagb-image--align-none\"><figure class=\"wp-block-uagb-image__figure\"><img loading=\"lazy\" decoding=\"async\" srcset=\"https:\/\/wakacje-we-francji.pl\/wp-content\/uploads\/2025\/02\/IMG_1469-1024x683.jpg ,https:\/\/wakacje-we-francji.pl\/wp-content\/uploads\/2025\/02\/IMG_1469-scaled.jpg 780w, https:\/\/wakacje-we-francji.pl\/wp-content\/uploads\/2025\/02\/IMG_1469-scaled.jpg 360w\" sizes=\"auto, (max-width: 480px) 150px\" src=\"https:\/\/wakacje-we-francji.pl\/wp-content\/uploads\/2025\/02\/IMG_1469-1024x683.jpg\" alt=\"\" class=\"uag-image-1834\" width=\"564\" height=\"500\" title=\"IMG_1469\" role=\"img\"\/><\/figure><\/div>\n<\/div><\/div>","protected":false},"excerpt":{"rendered":"","protected":false},"author":2,"featured_media":0,"comment_status":"closed","ping_status":"open","sticky":false,"template":"","format":"standard","meta":{"_uag_custom_page_level_css":"","footnotes":""},"categories":[20],"tags":[37,52,47,31,51,42,55,49,61,35,58,23,54,48,62,50,53,36,45,63,60,41,46,44,40,57,32,43,38,33,39,56,59,34],"class_list":["post-1826","post","type-post","status-publish","format-standard","hentry","category-poradnik","tag-architektura-francois-spoerry","tag-atrakcje-francuskiej-riwierze","tag-brigitte-bardot","tag-cote-dazur","tag-ekskluzywne-kurorty-francji","tag-festiwal-sztuki","tag-francuska-elegancja","tag-francuska-riwiera","tag-inspirujace-miejsca-dla-artystow","tag-kanaly","tag-kultura","tag-lazurowe-wybrzeze","tag-letni-wypoczynek-nad-morzem-srodziemnym","tag-lody-cytrynowe","tag-luksusowe-podroze-po-francji","tag-luksusowe-wakacje-na-lazurowym-wybrzezu","tag-malownicze-miasteczka-francji","tag-mosty","tag-muzeum-sztuki-nowoczesnej","tag-najpiekniejsze-zakatki-lazurowego-wybrzeza","tag-niepowtarzalne-destynacje-francji","tag-piaszczyste-plaze","tag-plac-des-lices","tag-plage-de-pampelonne","tag-plaze","tag-podroze-po-francuskiej-riwierze","tag-port-grimaud","tag-port-saint-tropez","tag-rynek","tag-saint-tropez","tag-stare-miasto","tag-styl-zycia","tag-sztuka","tag-wenecja-lazurowego-wybrzeza"],"uagb_featured_image_src":{"full":false,"thumbnail":false,"medium":false,"medium_large":false,"large":false,"1536x1536":false,"2048x2048":false,"trp-custom-language-flag":false},"uagb_author_info":{"display_name":"janusz","author_link":"https:\/\/wakacje-we-francji.pl\/en\/author\/janusz\/"},"uagb_comment_info":0,"uagb_excerpt":null,"_links":{"self":[{"href":"https:\/\/wakacje-we-francji.pl\/en\/wp-json\/wp\/v2\/posts\/1826","targetHints":{"allow":["GET"]}}],"collection":[{"href":"https:\/\/wakacje-we-francji.pl\/en\/wp-json\/wp\/v2\/posts"}],"about":[{"href":"https:\/\/wakacje-we-francji.pl\/en\/wp-json\/wp\/v2\/types\/post"}],"author":[{"embeddable":true,"href":"https:\/\/wakacje-we-francji.pl\/en\/wp-json\/wp\/v2\/users\/2"}],"replies":[{"embeddable":true,"href":"https:\/\/wakacje-we-francji.pl\/en\/wp-json\/wp\/v2\/comments?post=1826"}],"version-history":[{"count":3,"href":"https:\/\/wakacje-we-francji.pl\/en\/wp-json\/wp\/v2\/posts\/1826\/revisions"}],"predecessor-version":[{"id":1837,"href":"https:\/\/wakacje-we-francji.pl\/en\/wp-json\/wp\/v2\/posts\/1826\/revisions\/1837"}],"wp:attachment":[{"href":"https:\/\/wakacje-we-francji.pl\/en\/wp-json\/wp\/v2\/media?parent=1826"}],"wp:term":[{"taxonomy":"category","embeddable":true,"href":"https:\/\/wakacje-we-francji.pl\/en\/wp-json\/wp\/v2\/categories?post=1826"},{"taxonomy":"post_tag","embeddable":true,"href":"https:\/\/wakacje-we-francji.pl\/en\/wp-json\/wp\/v2\/tags?post=1826"}],"curies":[{"name":"wp","href":"https:\/\/api.w.org\/{rel}","templated":true}]}}