{"id":3293,"date":"2025-11-17T17:38:00","date_gmt":"2025-11-17T16:38:00","guid":{"rendered":"https:\/\/wakacje-we-francji.pl\/?p=3293"},"modified":"2025-11-18T20:17:38","modified_gmt":"2025-11-18T19:17:38","slug":"rozpoczecie-sezonu-co-nowego-w-val-thorens","status":"publish","type":"post","link":"https:\/\/wakacje-we-francji.pl\/en\/rozpoczecie-sezonu-co-nowego-w-val-thorens\/","title":{"rendered":"Rozpocz\u0119cie sezonu \u2013 co nowego w Val Thorens?"},"content":{"rendered":"<div data-elementor-type=\"wp-post\" data-elementor-id=\"3293\" class=\"elementor elementor-3293\">\n\t\t\t\t\t\t<section class=\"elementor-section elementor-top-section elementor-element elementor-element-1b0fb2b elementor-section-boxed elementor-section-height-default elementor-section-height-default\" data-id=\"1b0fb2b\" data-element_type=\"section\">\n\t\t\t\t\t\t<div class=\"elementor-container elementor-column-gap-default\">\n\t\t\t\t\t<div class=\"elementor-column elementor-col-100 elementor-top-column elementor-element elementor-element-b97eea6\" data-id=\"b97eea6\" data-element_type=\"column\">\n\t\t\t<div class=\"elementor-widget-wrap elementor-element-populated\">\n\t\t\t\t\t\t<div class=\"elementor-element elementor-element-244b6b7 elementor-widget elementor-widget-image\" data-id=\"244b6b7\" data-element_type=\"widget\" data-widget_type=\"image.default\">\n\t\t\t\t<div class=\"elementor-widget-container\">\n\t\t\t\t\t\t\t\t\t\t\t\t\t\t\t<img fetchpriority=\"high\" decoding=\"async\" width=\"1024\" height=\"538\" src=\"https:\/\/wakacje-we-francji.pl\/wp-content\/uploads\/2025\/11\/Obrazek-2-1024x538.jpg\" class=\"attachment-large size-large wp-image-3299\" alt=\"Val Thorens\" srcset=\"https:\/\/wakacje-we-francji.pl\/wp-content\/uploads\/2025\/11\/Obrazek-2-1024x538.jpg 1024w, https:\/\/wakacje-we-francji.pl\/wp-content\/uploads\/2025\/11\/Obrazek-2-300x158.jpg 300w, https:\/\/wakacje-we-francji.pl\/wp-content\/uploads\/2025\/11\/Obrazek-2-768x403.jpg 768w, https:\/\/wakacje-we-francji.pl\/wp-content\/uploads\/2025\/11\/Obrazek-2-18x9.jpg 18w, https:\/\/wakacje-we-francji.pl\/wp-content\/uploads\/2025\/11\/Obrazek-2.jpg 1200w\" sizes=\"(max-width: 1024px) 100vw, 1024px\" \/>\t\t\t\t\t\t\t\t\t\t\t\t\t\t\t<\/div>\n\t\t\t\t<\/div>\n\t\t\t\t\t<\/div>\n\t\t<\/div>\n\t\t\t\t\t<\/div>\n\t\t<\/section>\n\t\t\t\t<section class=\"elementor-section elementor-top-section elementor-element elementor-element-f971168 elementor-section-boxed elementor-section-height-default elementor-section-height-default\" data-id=\"f971168\" data-element_type=\"section\">\n\t\t\t\t\t\t<div class=\"elementor-container elementor-column-gap-default\">\n\t\t\t\t\t<div class=\"elementor-column elementor-col-100 elementor-top-column elementor-element elementor-element-98d69a5\" data-id=\"98d69a5\" data-element_type=\"column\">\n\t\t\t<div class=\"elementor-widget-wrap elementor-element-populated\">\n\t\t\t\t\t\t<div class=\"elementor-element elementor-element-ba6849e elementor-widget elementor-widget-text-editor\" data-id=\"ba6849e\" data-element_type=\"widget\" data-widget_type=\"text-editor.default\">\n\t\t\t\t<div class=\"elementor-widget-container\">\n\t\t\t\t\t\t\t\t\t<p>Ju\u017c od <b>22 listopada 2025<\/b> rusza w Val Thorens sezon zimowy \u2013 to jedno z najwcze\u015bniej otwieraj\u0105cych si\u0119 miejsc narciarskich w Europie. Dzi\u0119ki temu mo\u017cna liczy\u0107 na d\u0142ugi czas jazdy \u2013 a\u017c do <b>3 maja 2026 roku<\/b><span class=\"Apple-converted-space\">\u00a0<\/span><\/p><p>Co wi\u0119cej:<\/p><ul><li>Stacja po\u0142o\u017cona jest na wysoko\u015bci od <b>2 300 m do 3 230 m<\/b>, co gwarantuje dobre warunki \u015bniegowe.<span class=\"Apple-converted-space\">\u00a0<\/span><\/li><li>A ponadto \u2013 w ramach ogromnego regionu narciarskiego Les 3 Vall\u00e9es, zakres tras si\u0119ga a\u017c <b>600 km<\/b>.<span class=\"Apple-converted-space\">\u00a0<\/span><\/li><li>Sezon inauguruje si\u0119 wydarzeniem \u201eLa Grande Premi\u00e8re\u201d w dniach 22\u201323 listopada, z testami sprz\u0119tu, animacjami i okazj\u0105 dla pocz\u0105tkuj\u0105cych.<span class=\"Apple-converted-space\">\u00a0<\/span><\/li><\/ul><p>To wszystko oznacza, \u017ce Val Thorens ju\u017c dzi\u015b przygotowuje si\u0119 na przyjazd narciarzy \u2014 przy wy\u015bmienitych warunkach i \u015bwietnie zorganizowan\u0105 infrastruktur\u0105.<\/p>\t\t\t\t\t\t\t\t<\/div>\n\t\t\t\t<\/div>\n\t\t\t\t\t<\/div>\n\t\t<\/div>\n\t\t\t\t\t<\/div>\n\t\t<\/section>\n\t\t\t\t<section class=\"elementor-section elementor-top-section elementor-element elementor-element-c8d6855 elementor-section-boxed elementor-section-height-default elementor-section-height-default\" data-id=\"c8d6855\" data-element_type=\"section\">\n\t\t\t\t\t\t<div class=\"elementor-container elementor-column-gap-default\">\n\t\t\t\t\t<div class=\"elementor-column elementor-col-50 elementor-top-column elementor-element elementor-element-3cd373c\" data-id=\"3cd373c\" data-element_type=\"column\">\n\t\t\t<div class=\"elementor-widget-wrap elementor-element-populated\">\n\t\t\t\t\t\t<div class=\"elementor-element elementor-element-1842024 elementor-widget elementor-widget-image\" data-id=\"1842024\" data-element_type=\"widget\" data-widget_type=\"image.default\">\n\t\t\t\t<div class=\"elementor-widget-container\">\n\t\t\t\t\t\t\t\t\t\t\t\t\t\t\t<img decoding=\"async\" width=\"1024\" height=\"681\" src=\"https:\/\/wakacje-we-francji.pl\/wp-content\/uploads\/2025\/11\/Obrazek-1024x681.jpg\" class=\"attachment-large size-large wp-image-3301\" alt=\"Val Thorens\" srcset=\"https:\/\/wakacje-we-francji.pl\/wp-content\/uploads\/2025\/11\/Obrazek-1024x681.jpg 1024w, https:\/\/wakacje-we-francji.pl\/wp-content\/uploads\/2025\/11\/Obrazek-300x199.jpg 300w, https:\/\/wakacje-we-francji.pl\/wp-content\/uploads\/2025\/11\/Obrazek-768x511.jpg 768w, https:\/\/wakacje-we-francji.pl\/wp-content\/uploads\/2025\/11\/Obrazek-1536x1021.jpg 1536w, https:\/\/wakacje-we-francji.pl\/wp-content\/uploads\/2025\/11\/Obrazek-2048x1362.jpg 2048w, https:\/\/wakacje-we-francji.pl\/wp-content\/uploads\/2025\/11\/Obrazek-18x12.jpg 18w\" sizes=\"(max-width: 1024px) 100vw, 1024px\" \/>\t\t\t\t\t\t\t\t\t\t\t\t\t\t\t<\/div>\n\t\t\t\t<\/div>\n\t\t\t\t\t<\/div>\n\t\t<\/div>\n\t\t\t\t<div class=\"elementor-column elementor-col-50 elementor-top-column elementor-element elementor-element-f07fe8c\" data-id=\"f07fe8c\" data-element_type=\"column\">\n\t\t\t<div class=\"elementor-widget-wrap elementor-element-populated\">\n\t\t\t\t\t\t<div class=\"elementor-element elementor-element-1b0aeb5 elementor-widget elementor-widget-image\" data-id=\"1b0aeb5\" data-element_type=\"widget\" data-widget_type=\"image.default\">\n\t\t\t\t<div class=\"elementor-widget-container\">\n\t\t\t\t\t\t\t\t\t\t\t\t\t\t\t<img decoding=\"async\" width=\"1024\" height=\"677\" src=\"https:\/\/wakacje-we-francji.pl\/wp-content\/uploads\/2025\/11\/Obrazek-1-1024x677.jpg\" class=\"attachment-large size-large wp-image-3300\" alt=\"Val Thorens\" srcset=\"https:\/\/wakacje-we-francji.pl\/wp-content\/uploads\/2025\/11\/Obrazek-1-1024x677.jpg 1024w, https:\/\/wakacje-we-francji.pl\/wp-content\/uploads\/2025\/11\/Obrazek-1-300x198.jpg 300w, https:\/\/wakacje-we-francji.pl\/wp-content\/uploads\/2025\/11\/Obrazek-1-768x508.jpg 768w, https:\/\/wakacje-we-francji.pl\/wp-content\/uploads\/2025\/11\/Obrazek-1-1536x1016.jpg 1536w, https:\/\/wakacje-we-francji.pl\/wp-content\/uploads\/2025\/11\/Obrazek-1-2048x1354.jpg 2048w, https:\/\/wakacje-we-francji.pl\/wp-content\/uploads\/2025\/11\/Obrazek-1-18x12.jpg 18w\" sizes=\"(max-width: 1024px) 100vw, 1024px\" \/>\t\t\t\t\t\t\t\t\t\t\t\t\t\t\t<\/div>\n\t\t\t\t<\/div>\n\t\t\t\t\t<\/div>\n\t\t<\/div>\n\t\t\t\t\t<\/div>\n\t\t<\/section>\n\t\t\t\t<section class=\"elementor-section elementor-top-section elementor-element elementor-element-61c0f49 elementor-section-boxed elementor-section-height-default elementor-section-height-default\" data-id=\"61c0f49\" data-element_type=\"section\">\n\t\t\t\t\t\t<div class=\"elementor-container elementor-column-gap-default\">\n\t\t\t\t\t<div class=\"elementor-column elementor-col-100 elementor-top-column elementor-element elementor-element-8a2f912\" data-id=\"8a2f912\" data-element_type=\"column\">\n\t\t\t<div class=\"elementor-widget-wrap elementor-element-populated\">\n\t\t\t\t\t\t<div class=\"elementor-element elementor-element-996f6dc elementor-widget elementor-widget-text-editor\" data-id=\"996f6dc\" data-element_type=\"widget\" data-widget_type=\"text-editor.default\">\n\t\t\t\t<div class=\"elementor-widget-container\">\n\t\t\t\t\t\t\t\t\t<p><b>Dlaczego warto wybra\u0107 Val Thorens \u2013 tak\u017ce na pierwsze kroki na nartach?<\/b><\/p><ol><li><b>Idealna wysoko\u015b\u0107 i warunki dla pocz\u0105tkuj\u0105cych<\/b><br \/>Dzi\u0119ki po\u0142o\u017ceniu 2 300+ metr\u00f3w mamy pewno\u015b\u0107 \u015bniegu i dobrze przygotowanych tras. To ogromny plus dla os\u00f3b, kt\u00f3re zaczynaj\u0105 \u2013 nie trzeba si\u0119 martwi\u0107 o to, czy \u015bnieg b\u0119dzie.<\/li><li><b>Stacja przyjazna rodzinom i pocz\u0105tkuj\u0105cym<\/b><br \/><span class=\"Apple-converted-space\">\u00a0<\/span>\u201eLa glisse pour tous\u201d (jazda dla ka\u017cdego) \u2014 oznacza to strefy dla pocz\u0105tkuj\u0105cych, szko\u0142y narciarskie, wypo\u017cyczalnie sprz\u0119tu oraz specjaln\u0105 infrastruktur\u0119. Dzi\u0119ki temu jako pocz\u0105tkuj\u0105cy czujesz si\u0119 bezpieczniej \u2014 \u0142atwiej zdoby\u0107 pierwsze skr\u0119ty ni\u017c na bardziej ekstremalnych terenach.<\/li><li><b>D\u0142ugi sezon i ogromny teren narciarski<\/b><br \/>Rozpocz\u0119cie w listopadzie i koniec w maju daje du\u017co wi\u0119cej czasu na rozw\u00f3j umiej\u0119tno\u015bci. Z dost\u0119pem do tras w regionie Les 3 Vall\u00e9es masz wyb\u00f3r \u2014 najpierw spokojne, \u0142atwe trasy, potem stopniowo wi\u0119ksze wyzwania.<\/li><li><b>Bogata oferta poza nartami<\/b><br \/>Val Thorens to nie tylko narty \u2013 to r\u00f3wnie\u017c \u015bwietna infrastruktura: restauracje, bary, strefy relaksu, basen, centrum sportowe, \u015bwietne dla ca\u0142ej rodziny lub grupy przyjaci\u00f3\u0142. <br \/>Dla kogo\u015b, kto pierwszy raz jedzie na narty, mo\u017cliwo\u015b\u0107 odpoczynku po trasach jest r\u00f3wnie wa\u017cna jak sama jazda.<\/li><li><b>Dobre po\u0142\u0105czenia i infrastruktura<\/b><br \/>Stacja oferuje liczne udogodnienia \u2013 informacje o doje\u017adzie, parkingach, transferach. <a href=\"https:\/\/www.valthorens.com\/\">Val Thorens<\/a> Dla pocz\u0105tkuj\u0105cego to wa\u017cne: mniej stresu, wi\u0119cej rado\u015bci z wyjazdu.<\/li><\/ol>\t\t\t\t\t\t\t\t<\/div>\n\t\t\t\t<\/div>\n\t\t\t\t\t<\/div>\n\t\t<\/div>\n\t\t\t\t\t<\/div>\n\t\t<\/section>\n\t\t\t\t<section class=\"elementor-section elementor-top-section elementor-element elementor-element-c9852a9 elementor-section-boxed elementor-section-height-default elementor-section-height-default\" data-id=\"c9852a9\" data-element_type=\"section\">\n\t\t\t\t\t\t<div class=\"elementor-container elementor-column-gap-default\">\n\t\t\t\t\t<div class=\"elementor-column elementor-col-100 elementor-top-column elementor-element elementor-element-be8e625\" data-id=\"be8e625\" data-element_type=\"column\">\n\t\t\t<div class=\"elementor-widget-wrap elementor-element-populated\">\n\t\t\t\t\t\t<div class=\"elementor-element elementor-element-b73d033 elementor-align-center elementor-widget elementor-widget-button\" data-id=\"b73d033\" data-element_type=\"widget\" data-widget_type=\"button.default\">\n\t\t\t\t<div class=\"elementor-widget-container\">\n\t\t\t\t\t\t\t\t\t<div class=\"elementor-button-wrapper\">\n\t\t\t\t\t<a class=\"elementor-button elementor-button-link elementor-size-sm\" href=\"https:\/\/wakacje-we-francji.pl\/en\/mapa-hoteli\/?hotel=odalys-residence-tourotel\">\n\t\t\t\t\t\t<span class=\"elementor-button-content-wrapper\">\n\t\t\t\t\t\t\t\t\t<span class=\"elementor-button-text\">Zobacz apartamenty w rezydencji  Tourotel<\/span>\n\t\t\t\t\t<\/span>\n\t\t\t\t\t<\/a>\n\t\t\t\t<\/div>\n\t\t\t\t\t\t\t\t<\/div>\n\t\t\t\t<\/div>\n\t\t\t\t\t<\/div>\n\t\t<\/div>\n\t\t\t\t\t<\/div>\n\t\t<\/section>\n\t\t\t\t<section class=\"elementor-section elementor-top-section elementor-element elementor-element-d2903ce elementor-section-boxed elementor-section-height-default elementor-section-height-default\" data-id=\"d2903ce\" data-element_type=\"section\">\n\t\t\t\t\t\t<div class=\"elementor-container elementor-column-gap-default\">\n\t\t\t\t\t<div class=\"elementor-column elementor-col-50 elementor-top-column elementor-element elementor-element-a62a09f\" data-id=\"a62a09f\" data-element_type=\"column\">\n\t\t\t<div class=\"elementor-widget-wrap elementor-element-populated\">\n\t\t\t\t\t\t<div class=\"elementor-element elementor-element-0d18c64 elementor-widget elementor-widget-text-editor\" data-id=\"0d18c64\" data-element_type=\"widget\" data-widget_type=\"text-editor.default\">\n\t\t\t\t<div class=\"elementor-widget-container\">\n\t\t\t\t\t\t\t\t\t<p><b>FAQ \u2013 najcz\u0119\u015bciej zadawane pytania przez klient\u00f3w<\/b><\/p><p><b><span class=\"Apple-converted-space\">\u00a0<\/span>Czy Val Thorens jest dobrym miejscem dla pocz\u0105tkuj\u0105cych narciarzy?<\/b><br \/>Tak \u2014 stacja oferuje specjalne strefy dla pocz\u0105tkuj\u0105cych, szko\u0142y narciarskie, \u0142atwe trasy oraz infrastruktur\u0119 dostosowan\u0105 do os\u00f3b stawiaj\u0105cych pierwsze kroki na nartach.<\/p><p><b>Kiedy rozpoczyna si\u0119 sezon narciarski w Val Thorens?<\/b><br \/><b>O<\/b> Sezon zimowy w Val Thorens rozpoczyna si\u0119 22 listopada 2025 roku i potrwa do oko\u0142o 3 maja 2026.<span class=\"Apple-converted-space\">\u00a0<\/span><\/p><p><b><span class=\"Apple-converted-space\">\u00a0<\/span>Czy warunki \u015bniegowe s\u0105 pewne?<\/b><br \/><span class=\"Apple-converted-space\">\u00a0<\/span>Tak, dzi\u0119ki wysoko\u015bci (2 300 m \u2013 3 230 m) szansa na dobre warunki \u015bniegowe jest bardzo du\u017ca.<span class=\"Apple-converted-space\">\u00a0<\/span><\/p><p><b><span class=\"Apple-converted-space\">\u00a0<\/span>Czy stacja jest dro\u017csza ni\u017c inne?<\/b><br \/><span class=\"Apple-converted-space\">\u00a0<\/span>Ceny mog\u0105 by\u0107 wy\u017csze ni\u017c w mniejszych stacjach, ale warto\u015b\u0107 (d\u0142ugi sezon, \u015bwietna infrastruktura, ogromny teren) czyni j\u0105 op\u0142acaln\u0105. Dla pocz\u0105tkuj\u0105cych warto sprawdzi\u0107 pakiety startowe, promocje i oferty szk\u00f3\u0142 narciarskich.<\/p><p><b><span class=\"Apple-converted-space\">\u00a0<\/span>Czy da si\u0119 pojecha\u0107 tam z dzie\u0107mi?<\/b><br \/><span class=\"Apple-converted-space\">\u00a0<\/span>Zdecydowanie tak \u2014 Val Thorens ma wiele ofert rodzinnych: przedszkola narciarskie, strefy dzieci\u0119ce, atrakcje w stacji poza nartami. To miejsce bardzo przyjazne rodzinom.<\/p><p><b><span class=\"Apple-converted-space\">\u00a0<\/span>Co je\u015bli jestem zupe\u0142nym amatorem \u2013 czy dam rad\u0119?<\/b><br \/><span class=\"Apple-converted-space\">\u00a0<\/span>Tak! Warto zacz\u0105\u0107 od lekcji, wybra\u0107 naj\u0142atwiejsze trasy i sp\u0119dzi\u0107 kilka dni ucz\u0105c si\u0119 bez po\u015bpiechu. Val Thorens daje bezpieczne warunki do nauki i stopniowego rozwijania umiej\u0119tno\u015bci.<\/p>\t\t\t\t\t\t\t\t<\/div>\n\t\t\t\t<\/div>\n\t\t\t\t\t<\/div>\n\t\t<\/div>\n\t\t\t\t<div class=\"elementor-column elementor-col-50 elementor-top-column elementor-element elementor-element-7bfa851\" data-id=\"7bfa851\" data-element_type=\"column\">\n\t\t\t<div class=\"elementor-widget-wrap elementor-element-populated\">\n\t\t\t\t\t\t<div class=\"elementor-element elementor-element-7a824ed elementor-widget elementor-widget-text-editor\" data-id=\"7a824ed\" data-element_type=\"widget\" data-widget_type=\"text-editor.default\">\n\t\t\t\t<div class=\"elementor-widget-container\">\n\t\t\t\t\t\t\t\t\t<p><b>Przygotowania do sezonu \u2013 co nale\u017cy wiedzie\u0107?<\/b><\/p><ul><li>Zarezerwuj wcze\u015bniej sprz\u0119t narciarski \u21d2 wypo\u017cyczalnie s\u0105 dost\u0119pne online, wst\u0119pna rezerwacja pomaga obni\u017cy\u0107 koszty i zapewni\u0107 odpowiedni rozmiar.<\/li><li>Zapisz si\u0119 lub sprawd\u017a ofert\u0119 szk\u00f3\u0142 narciarskich \u2013 dla pocz\u0105tkuj\u0105cych bardzo dobrze jest korzysta\u0107 z lekcji grupowych lub indywidualnych.<\/li><li>Ubi\u00f3r: warstwa podstawowa, kurtka przeciwwietrzna\/\u015bniegowa, okulary przeciws\u0142oneczne \u2013 na wysoko\u015bci &gt;2 300 m s\u0142o\u0144ce dzia\u0142a mocniej.<\/li><li>Ubezpieczenie i \u015bwiadomo\u015b\u0107 \u2013 cho\u0107 stacja jest bezpieczna, to jako nowicjusz warto zadba\u0107 o ochron\u0119 zdrowia i odpowiednie warunki jazdy (np. trasy zielone \/ \u0142atwe).<\/li><li>Zaplanuj dni odpoczynku \u2013 pierwsze dni mo\u017cna po\u015bwi\u0119ci\u0107 na lekk\u0105 jazd\u0119 i oswajanie si\u0119, a nie od razu ekstremalne \u015bcie\u017cki.<\/li><\/ul>\t\t\t\t\t\t\t\t<\/div>\n\t\t\t\t<\/div>\n\t\t\t\t<div class=\"elementor-element elementor-element-be526fa elementor-align-center elementor-widget elementor-widget-button\" data-id=\"be526fa\" data-element_type=\"widget\" data-widget_type=\"button.default\">\n\t\t\t\t<div class=\"elementor-widget-container\">\n\t\t\t\t\t\t\t\t\t<div class=\"elementor-button-wrapper\">\n\t\t\t\t\t<a class=\"elementor-button elementor-button-link elementor-size-sm\" href=\"https:\/\/sklep.signal-iduna.pl\/?ag_symbol=09059&#038;tax_number=8951182281\">\n\t\t\t\t\t\t<span class=\"elementor-button-content-wrapper\">\n\t\t\t\t\t\t\t\t\t<span class=\"elementor-button-text\">Kup ubezpieczenie  dla siebie i rodziny                 <\/span>\n\t\t\t\t\t<\/span>\n\t\t\t\t\t<\/a>\n\t\t\t\t<\/div>\n\t\t\t\t\t\t\t\t<\/div>\n\t\t\t\t<\/div>\n\t\t\t\t<div class=\"elementor-element elementor-element-793f480 elementor-widget elementor-widget-image\" data-id=\"793f480\" data-element_type=\"widget\" data-widget_type=\"image.default\">\n\t\t\t\t<div class=\"elementor-widget-container\">\n\t\t\t\t\t\t\t\t\t\t\t\t\t\t\t\t<a href=\"https:\/\/wakacje-we-francji.pl\/en\/mapa-hoteli\/?hotel=odalys-residence-tourotel\">\n\t\t\t\t\t\t\t<img loading=\"lazy\" decoding=\"async\" width=\"1024\" height=\"930\" src=\"https:\/\/wakacje-we-francji.pl\/wp-content\/uploads\/2025\/08\/apres-ski.png\" class=\"attachment-large size-large wp-image-2345\" alt=\"\" srcset=\"https:\/\/wakacje-we-francji.pl\/wp-content\/uploads\/2025\/08\/apres-ski.png 1024w, https:\/\/wakacje-we-francji.pl\/wp-content\/uploads\/2025\/08\/apres-ski-300x272.png 300w, https:\/\/wakacje-we-francji.pl\/wp-content\/uploads\/2025\/08\/apres-ski-768x698.png 768w, https:\/\/wakacje-we-francji.pl\/wp-content\/uploads\/2025\/08\/apres-ski-13x12.png 13w, https:\/\/wakacje-we-francji.pl\/wp-content\/uploads\/2025\/08\/apres-ski-600x545.png 600w\" sizes=\"(max-width: 1024px) 100vw, 1024px\" \/>\t\t\t\t\t\t\t\t<\/a>\n\t\t\t\t\t\t\t\t\t\t\t\t\t\t\t<\/div>\n\t\t\t\t<\/div>\n\t\t\t\t<div class=\"elementor-element elementor-element-cbddfad elementor-widget elementor-widget-image\" data-id=\"cbddfad\" data-element_type=\"widget\" data-widget_type=\"image.default\">\n\t\t\t\t<div class=\"elementor-widget-container\">\n\t\t\t\t\t\t\t\t\t\t\t\t\t\t\t\t<a href=\"https:\/\/wakacje-we-francji.pl\/en\/mapa-hoteli\/?hotel=odalys-residence-tourotel\">\n\t\t\t\t\t\t\t<img loading=\"lazy\" decoding=\"async\" width=\"1024\" height=\"768\" src=\"https:\/\/wakacje-we-francji.pl\/wp-content\/uploads\/2025\/10\/Val-Thorens-zima-1024x768.jpg\" class=\"attachment-large size-large wp-image-2734\" alt=\"Val Thorens\" srcset=\"https:\/\/wakacje-we-francji.pl\/wp-content\/uploads\/2025\/10\/Val-Thorens-zima-1024x768.jpg 1024w, https:\/\/wakacje-we-francji.pl\/wp-content\/uploads\/2025\/10\/Val-Thorens-zima-300x225.jpg 300w, https:\/\/wakacje-we-francji.pl\/wp-content\/uploads\/2025\/10\/Val-Thorens-zima-768x576.jpg 768w, https:\/\/wakacje-we-francji.pl\/wp-content\/uploads\/2025\/10\/Val-Thorens-zima-1536x1152.jpg 1536w, https:\/\/wakacje-we-francji.pl\/wp-content\/uploads\/2025\/10\/Val-Thorens-zima-2048x1536.jpg 2048w, https:\/\/wakacje-we-francji.pl\/wp-content\/uploads\/2025\/10\/Val-Thorens-zima-16x12.jpg 16w, https:\/\/wakacje-we-francji.pl\/wp-content\/uploads\/2025\/10\/Val-Thorens-zima-600x450.jpg 600w\" sizes=\"(max-width: 1024px) 100vw, 1024px\" \/>\t\t\t\t\t\t\t\t<\/a>\n\t\t\t\t\t\t\t\t\t\t\t\t\t\t\t<\/div>\n\t\t\t\t<\/div>\n\t\t\t\t\t<\/div>\n\t\t<\/div>\n\t\t\t\t\t<\/div>\n\t\t<\/section>\n\t\t\t\t<section class=\"elementor-section elementor-top-section elementor-element elementor-element-6173cfb elementor-section-boxed elementor-section-height-default elementor-section-height-default\" data-id=\"6173cfb\" data-element_type=\"section\">\n\t\t\t\t\t\t<div class=\"elementor-container elementor-column-gap-default\">\n\t\t\t\t\t<div class=\"elementor-column elementor-col-100 elementor-top-column elementor-element elementor-element-441c86f\" data-id=\"441c86f\" data-element_type=\"column\">\n\t\t\t<div class=\"elementor-widget-wrap elementor-element-populated\">\n\t\t\t\t\t\t<div class=\"elementor-element elementor-element-bb4deb0 elementor-widget elementor-widget-text-editor\" data-id=\"bb4deb0\" data-element_type=\"widget\" data-widget_type=\"text-editor.default\">\n\t\t\t\t<div class=\"elementor-widget-container\">\n\t\t\t\t\t\t\t\t\t<p>Je\u015bli szukasz miejsca, gdzie mo\u017cesz <b>rozpocz\u0105\u0107 swoj\u0105 przygod\u0119 z nartami lub jeste\u015b wytrawnym narciarzem<\/b>, to Val Thorens jest \u015bwietnym wyborem \u2014 wysokog\u00f3rska stacja gwarantuj\u0105ca d\u0142ugi sezon, ogromny teren narciarski, doskona\u0142e zaplecze dla pocz\u0105tkuj\u0105cych i super zaawansowanych oraz klimat, kt\u00f3ry motywuje do jazdy i zabawy. Niezale\u017cnie, czy jeste\u015b solo, z rodzin\u0105, czy z przyjaci\u00f3\u0142mi \u2014 warto rozwa\u017cy\u0107 w\u0142a\u015bnie to miejsce na sw\u00f3j zimowy wyjazd.<\/p>\t\t\t\t\t\t\t\t<\/div>\n\t\t\t\t<\/div>\n\t\t\t\t\t<\/div>\n\t\t<\/div>\n\t\t\t\t\t<\/div>\n\t\t<\/section>\n\t\t\t\t<\/div>","protected":false},"excerpt":{"rendered":"<p>Ju\u017c od 22 listopada 2025 rusza w Val Thorens sezon zimowy \u2013 to jedno z najwcze\u015bniej otwieraj\u0105cych si\u0119 miejsc narciarskich w Europie. Dzi\u0119ki temu mo\u017cna liczy\u0107 na d\u0142ugi czas jazdy \u2013 a\u017c do 3 maja 2026 roku\u00a0 Co wi\u0119cej: Stacja po\u0142o\u017cona jest na wysoko\u015bci od 2 300 m do 3 230 m, co gwarantuje dobre [&hellip;]<\/p>","protected":false},"author":3,"featured_media":0,"comment_status":"closed","ping_status":"open","sticky":false,"template":"","format":"standard","meta":{"_uag_custom_page_level_css":"","footnotes":""},"categories":[136,20],"tags":[],"class_list":["post-3293","post","type-post","status-publish","format-standard","hentry","category-alpy-francuskie-raj-dla-narciarzy","category-poradnik"],"uagb_featured_image_src":{"full":false,"thumbnail":false,"medium":false,"medium_large":false,"large":false,"1536x1536":false,"2048x2048":false,"trp-custom-language-flag":false},"uagb_author_info":{"display_name":"agnieszka","author_link":"https:\/\/wakacje-we-francji.pl\/en\/author\/agnieszka\/"},"uagb_comment_info":0,"uagb_excerpt":"Ju\u017c od 22 listopada 2025 rusza w Val Thorens sezon zimowy \u2013 to jedno z najwcze\u015bniej otwieraj\u0105cych si\u0119 miejsc narciarskich w Europie. Dzi\u0119ki temu mo\u017cna liczy\u0107 na d\u0142ugi czas jazdy \u2013 a\u017c do 3 maja 2026 roku\u00a0 Co wi\u0119cej: Stacja po\u0142o\u017cona jest na wysoko\u015bci od 2 300 m do 3 230 m, co gwarantuje dobre&hellip;","_links":{"self":[{"href":"https:\/\/wakacje-we-francji.pl\/en\/wp-json\/wp\/v2\/posts\/3293","targetHints":{"allow":["GET"]}}],"collection":[{"href":"https:\/\/wakacje-we-francji.pl\/en\/wp-json\/wp\/v2\/posts"}],"about":[{"href":"https:\/\/wakacje-we-francji.pl\/en\/wp-json\/wp\/v2\/types\/post"}],"author":[{"embeddable":true,"href":"https:\/\/wakacje-we-francji.pl\/en\/wp-json\/wp\/v2\/users\/3"}],"replies":[{"embeddable":true,"href":"https:\/\/wakacje-we-francji.pl\/en\/wp-json\/wp\/v2\/comments?post=3293"}],"version-history":[{"count":46,"href":"https:\/\/wakacje-we-francji.pl\/en\/wp-json\/wp\/v2\/posts\/3293\/revisions"}],"predecessor-version":[{"id":3350,"href":"https:\/\/wakacje-we-francji.pl\/en\/wp-json\/wp\/v2\/posts\/3293\/revisions\/3350"}],"wp:attachment":[{"href":"https:\/\/wakacje-we-francji.pl\/en\/wp-json\/wp\/v2\/media?parent=3293"}],"wp:term":[{"taxonomy":"category","embeddable":true,"href":"https:\/\/wakacje-we-francji.pl\/en\/wp-json\/wp\/v2\/categories?post=3293"},{"taxonomy":"post_tag","embeddable":true,"href":"https:\/\/wakacje-we-francji.pl\/en\/wp-json\/wp\/v2\/tags?post=3293"}],"curies":[{"name":"wp","href":"https:\/\/api.w.org\/{rel}","templated":true}]}}