{"id":3462,"date":"2026-01-15T14:20:36","date_gmt":"2026-01-15T13:20:36","guid":{"rendered":"https:\/\/wakacje-we-francji.pl\/?p=3462"},"modified":"2026-01-16T11:47:01","modified_gmt":"2026-01-16T10:47:01","slug":"ubezpieczenie-na-ferie-zimowe-i-wyjazd-na-narty-dlaczego-to-realna-ochrona-a-nie-zbedny-koszt","status":"publish","type":"post","link":"https:\/\/wakacje-we-francji.pl\/en\/ubezpieczenie-na-ferie-zimowe-i-wyjazd-na-narty-dlaczego-to-realna-ochrona-a-nie-zbedny-koszt\/","title":{"rendered":"Ubezpieczenie na ferie zimowe i wyjazd na narty: dlaczego to realna ochrona, a nie \u201ezb\u0119dny koszt\u201d?"},"content":{"rendered":"<div data-elementor-type=\"wp-post\" data-elementor-id=\"3462\" class=\"elementor elementor-3462\">\n\t\t\t\t\t\t<section class=\"elementor-section elementor-top-section elementor-element elementor-element-f1eefb4 elementor-section-boxed elementor-section-height-default elementor-section-height-default\" data-id=\"f1eefb4\" data-element_type=\"section\">\n\t\t\t\t\t\t<div class=\"elementor-container elementor-column-gap-default\">\n\t\t\t\t\t<div class=\"elementor-column elementor-col-100 elementor-top-column elementor-element elementor-element-172a36f\" data-id=\"172a36f\" data-element_type=\"column\">\n\t\t\t<div class=\"elementor-widget-wrap elementor-element-populated\">\n\t\t\t\t\t\t<div class=\"elementor-element elementor-element-0f71a64 elementor-widget elementor-widget-image\" data-id=\"0f71a64\" data-element_type=\"widget\" data-widget_type=\"image.default\">\n\t\t\t\t<div class=\"elementor-widget-container\">\n\t\t\t\t\t\t\t\t\t\t\t\t\t\t\t<img fetchpriority=\"high\" decoding=\"async\" width=\"940\" height=\"788\" src=\"https:\/\/wakacje-we-francji.pl\/wp-content\/uploads\/2026\/01\/11.png\" class=\"attachment-large size-large wp-image-3464\" alt=\"ferie zimowe\" srcset=\"https:\/\/wakacje-we-francji.pl\/wp-content\/uploads\/2026\/01\/11.png 940w, https:\/\/wakacje-we-francji.pl\/wp-content\/uploads\/2026\/01\/11-300x251.png 300w, https:\/\/wakacje-we-francji.pl\/wp-content\/uploads\/2026\/01\/11-768x644.png 768w, https:\/\/wakacje-we-francji.pl\/wp-content\/uploads\/2026\/01\/11-14x12.png 14w\" sizes=\"(max-width: 940px) 100vw, 940px\" \/>\t\t\t\t\t\t\t\t\t\t\t\t\t\t\t<\/div>\n\t\t\t\t<\/div>\n\t\t\t\t\t<\/div>\n\t\t<\/div>\n\t\t\t\t\t<\/div>\n\t\t<\/section>\n\t\t\t\t<section class=\"elementor-section elementor-top-section elementor-element elementor-element-c08594d elementor-section-boxed elementor-section-height-default elementor-section-height-default\" data-id=\"c08594d\" data-element_type=\"section\">\n\t\t\t\t\t\t<div class=\"elementor-container elementor-column-gap-default\">\n\t\t\t\t\t<div class=\"elementor-column elementor-col-100 elementor-top-column elementor-element elementor-element-529bcee\" data-id=\"529bcee\" data-element_type=\"column\">\n\t\t\t<div class=\"elementor-widget-wrap elementor-element-populated\">\n\t\t\t\t\t\t<div class=\"elementor-element elementor-element-26fa22f elementor-widget elementor-widget-text-editor\" data-id=\"26fa22f\" data-element_type=\"widget\" data-widget_type=\"text-editor.default\">\n\t\t\t\t<div class=\"elementor-widget-container\">\n\t\t\t\t\t\t\t\t\t<p>Ferie zimowe to dla wielu os\u00f3b najlepszy moment w roku: wyjazd na narty, snowboard, \u0142y\u017cwy, g\u00f3rskie spacery albo po prostu aktywny odpoczynek z rodzin\u0105. I w\u0142a\u015bnie wtedy, kiedy mamy by\u0107 \u201ena luzie\u201d, naj\u0142atwiej o sytuacje, kt\u00f3re potrafi\u0105 zepsu\u0107 wyjazd i\u2026 mocno uderzy\u0107 w bud\u017cet.<\/p><p>Wypadki na stoku, kontuzje, nag\u0142e zachorowanie, konieczno\u015b\u0107 transportu medycznego, a nawet szkoda wyrz\u0105dzona komu\u015b innemu (np. kolizja na stoku) \u2013 to nie s\u0105 abstrakcje. To zdarza si\u0119 cz\u0119sto, tylko zwykle \u201enie nam\u201d. Do momentu, a\u017c si\u0119 wydarzy.<\/p>\t\t\t\t\t\t\t\t<\/div>\n\t\t\t\t<\/div>\n\t\t\t\t\t<\/div>\n\t\t<\/div>\n\t\t\t\t\t<\/div>\n\t\t<\/section>\n\t\t\t\t<section class=\"elementor-section elementor-top-section elementor-element elementor-element-6bf8ce7 elementor-section-boxed elementor-section-height-default elementor-section-height-default\" data-id=\"6bf8ce7\" data-element_type=\"section\">\n\t\t\t\t\t\t<div class=\"elementor-container elementor-column-gap-default\">\n\t\t\t\t\t<div class=\"elementor-column elementor-col-50 elementor-top-column elementor-element elementor-element-7bec0ad\" data-id=\"7bec0ad\" data-element_type=\"column\">\n\t\t\t<div class=\"elementor-widget-wrap elementor-element-populated\">\n\t\t\t\t\t\t<div class=\"elementor-element elementor-element-a4047db elementor-widget elementor-widget-text-editor\" data-id=\"a4047db\" data-element_type=\"widget\" data-widget_type=\"text-editor.default\">\n\t\t\t\t<div class=\"elementor-widget-container\">\n\t\t\t\t\t\t\t\t\t<h5><strong>EKUZ jest wa\u017cna, ale cz\u0119sto niewystarczaj\u0105ca<\/strong><\/h5><p>Wiele os\u00f3b wychodzi z za\u0142o\u017cenia: \u201emam EKUZ, wi\u0119c jestem zabezpieczony\u201d. Warto mie\u0107 EKUZ \u2013 zdecydowanie. Natomiast trzeba jasno powiedzie\u0107: <b>EKUZ nie jest pe\u0142nym ubezpieczeniem turystycznym<\/b>.<\/p><p>Najcz\u0119stsze ograniczenia, o kt\u00f3rych zapominamy:<\/p><ul><li>EKUZ nie pokrywa koszt\u00f3w transportu medycznego do Polski (a ten potrafi by\u0107 szczeg\u00f3lnie kosztowny).<\/li><li>EKUZ dzia\u0142a na zasadach publicznej opieki zdrowotnej danego kraju \u2013 mog\u0105 wyst\u0105pi\u0107 <b>dop\u0142aty, limity, kolejki, formalno\u015bci<\/b>.<\/li><li>EKUZ zwykle nie obejmuje wielu praktycznych element\u00f3w \u201eoko\u0142owypadkowych\u201d, kt\u00f3re w g\u00f3rach i na nartach s\u0105 kluczowe (np. dzia\u0142ania ratownicze, dodatkowe us\u0142ugi, organizacja pomocy).<\/li><\/ul><p>W skr\u00f3cie: EKUZ to dobry fundament, ale w realnym scenariuszu wyjazdowym mo\u017ce nie zamkn\u0105\u0107 tematu koszt\u00f3w i organizacji pomocy.<\/p>\t\t\t\t\t\t\t\t<\/div>\n\t\t\t\t<\/div>\n\t\t\t\t\t<\/div>\n\t\t<\/div>\n\t\t\t\t<div class=\"elementor-column elementor-col-50 elementor-top-column elementor-element elementor-element-6137695\" data-id=\"6137695\" data-element_type=\"column\">\n\t\t\t<div class=\"elementor-widget-wrap elementor-element-populated\">\n\t\t\t\t\t\t<div class=\"elementor-element elementor-element-39d9820 elementor-widget elementor-widget-image\" data-id=\"39d9820\" data-element_type=\"widget\" data-widget_type=\"image.default\">\n\t\t\t\t<div class=\"elementor-widget-container\">\n\t\t\t\t\t\t\t\t\t\t\t\t\t\t\t<img decoding=\"async\" width=\"940\" height=\"788\" src=\"https:\/\/wakacje-we-francji.pl\/wp-content\/uploads\/2026\/01\/4.png\" class=\"attachment-large size-large wp-image-3465\" alt=\"ferie ubezpieczenia\" srcset=\"https:\/\/wakacje-we-francji.pl\/wp-content\/uploads\/2026\/01\/4.png 940w, https:\/\/wakacje-we-francji.pl\/wp-content\/uploads\/2026\/01\/4-300x251.png 300w, https:\/\/wakacje-we-francji.pl\/wp-content\/uploads\/2026\/01\/4-768x644.png 768w, https:\/\/wakacje-we-francji.pl\/wp-content\/uploads\/2026\/01\/4-14x12.png 14w\" sizes=\"(max-width: 940px) 100vw, 940px\" \/>\t\t\t\t\t\t\t\t\t\t\t\t\t\t\t<\/div>\n\t\t\t\t<\/div>\n\t\t\t\t<div class=\"elementor-element elementor-element-86ca595 elementor-widget elementor-widget-image\" data-id=\"86ca595\" data-element_type=\"widget\" data-widget_type=\"image.default\">\n\t\t\t\t<div class=\"elementor-widget-container\">\n\t\t\t\t\t\t\t\t\t\t\t\t\t\t\t<img decoding=\"async\" width=\"940\" height=\"788\" src=\"https:\/\/wakacje-we-francji.pl\/wp-content\/uploads\/2026\/01\/6.png\" class=\"attachment-large size-large wp-image-3475\" alt=\"ubezpieczenia na ferie\" srcset=\"https:\/\/wakacje-we-francji.pl\/wp-content\/uploads\/2026\/01\/6.png 940w, https:\/\/wakacje-we-francji.pl\/wp-content\/uploads\/2026\/01\/6-300x251.png 300w, https:\/\/wakacje-we-francji.pl\/wp-content\/uploads\/2026\/01\/6-768x644.png 768w, https:\/\/wakacje-we-francji.pl\/wp-content\/uploads\/2026\/01\/6-14x12.png 14w\" sizes=\"(max-width: 940px) 100vw, 940px\" \/>\t\t\t\t\t\t\t\t\t\t\t\t\t\t\t<\/div>\n\t\t\t\t<\/div>\n\t\t\t\t<div class=\"elementor-element elementor-element-f24b4d0 elementor-widget elementor-widget-image\" data-id=\"f24b4d0\" data-element_type=\"widget\" data-widget_type=\"image.default\">\n\t\t\t\t<div class=\"elementor-widget-container\">\n\t\t\t\t\t\t\t\t\t\t\t\t\t\t\t<img loading=\"lazy\" decoding=\"async\" width=\"940\" height=\"788\" src=\"https:\/\/wakacje-we-francji.pl\/wp-content\/uploads\/2026\/01\/10.png\" class=\"attachment-large size-large wp-image-3476\" alt=\"ubezpieczenia koszt\u00f3w leczenia\" srcset=\"https:\/\/wakacje-we-francji.pl\/wp-content\/uploads\/2026\/01\/10.png 940w, https:\/\/wakacje-we-francji.pl\/wp-content\/uploads\/2026\/01\/10-300x251.png 300w, https:\/\/wakacje-we-francji.pl\/wp-content\/uploads\/2026\/01\/10-768x644.png 768w, https:\/\/wakacje-we-francji.pl\/wp-content\/uploads\/2026\/01\/10-14x12.png 14w\" sizes=\"(max-width: 940px) 100vw, 940px\" \/>\t\t\t\t\t\t\t\t\t\t\t\t\t\t\t<\/div>\n\t\t\t\t<\/div>\n\t\t\t\t<div class=\"elementor-element elementor-element-ea1df86 elementor-widget elementor-widget-image\" data-id=\"ea1df86\" data-element_type=\"widget\" data-widget_type=\"image.default\">\n\t\t\t\t<div class=\"elementor-widget-container\">\n\t\t\t\t\t\t\t\t\t\t\t\t\t\t\t<img loading=\"lazy\" decoding=\"async\" width=\"940\" height=\"788\" src=\"https:\/\/wakacje-we-francji.pl\/wp-content\/uploads\/2026\/01\/13.png\" class=\"attachment-large size-large wp-image-3478\" alt=\"ubezpieczenia w g\u00f3rach\" srcset=\"https:\/\/wakacje-we-francji.pl\/wp-content\/uploads\/2026\/01\/13.png 940w, https:\/\/wakacje-we-francji.pl\/wp-content\/uploads\/2026\/01\/13-300x251.png 300w, https:\/\/wakacje-we-francji.pl\/wp-content\/uploads\/2026\/01\/13-768x644.png 768w, https:\/\/wakacje-we-francji.pl\/wp-content\/uploads\/2026\/01\/13-14x12.png 14w\" sizes=\"(max-width: 940px) 100vw, 940px\" \/>\t\t\t\t\t\t\t\t\t\t\t\t\t\t\t<\/div>\n\t\t\t\t<\/div>\n\t\t\t\t\t<\/div>\n\t\t<\/div>\n\t\t\t\t\t<\/div>\n\t\t<\/section>\n\t\t\t\t<section class=\"elementor-section elementor-top-section elementor-element elementor-element-bf57885 elementor-section-boxed elementor-section-height-default elementor-section-height-default\" data-id=\"bf57885\" data-element_type=\"section\">\n\t\t\t\t\t\t<div class=\"elementor-container elementor-column-gap-default\">\n\t\t\t\t\t<div class=\"elementor-column elementor-col-100 elementor-top-column elementor-element elementor-element-caa5a9d\" data-id=\"caa5a9d\" data-element_type=\"column\">\n\t\t\t<div class=\"elementor-widget-wrap elementor-element-populated\">\n\t\t\t\t\t\t<div class=\"elementor-element elementor-element-ab7947c elementor-widget elementor-widget-text-editor\" data-id=\"ab7947c\" data-element_type=\"widget\" data-widget_type=\"text-editor.default\">\n\t\t\t\t<div class=\"elementor-widget-container\">\n\t\t\t\t\t\t\t\t\t<h5><strong>Koszty leczenia za granic\u0105 potrafi\u0105 by\u0107 bardzo wysokie<\/strong><\/h5><p>Gdy jeste\u015bmy za granic\u0105, nawet pozornie \u201eniewielka\u201d sprawa mo\u017ce generowa\u0107 du\u017ce wydatki: konsultacje, diagnostyka, transport medyczny, zabiegi, rehabilitacja. W sezonie zimowym dochodz\u0105 do tego typowo \u201enarciarskie\u201d okoliczno\u015bci \u2013 urazy, interwencje s\u0142u\u017cb, konieczno\u015b\u0107 przewiezienia do plac\u00f3wki medycznej.<\/p><p>W\u0142a\u015bnie dlatego <b>ubezpieczenie podr\u00f3\u017cne nie jest fanaberi\u0105<\/b>, tylko rozs\u0105dnym zabezpieczeniem: finansowym i organizacyjnym.<\/p><p>Sporty i aktywno\u015bci: odpoczywaj aktywnie, ale z g\u0142ow\u0105<\/p><p>Podczas ferii zimowych wi\u0119kszo\u015b\u0107 z nas nie le\u017cy plackiem na kanapie. Narty, snowboard, sanki, \u0142y\u017cwy, trekking, aquapark, rowery (tak, zim\u0105 te\u017c), czasem skutery \u015bnie\u017cne czy snowpark. Aktywno\u015b\u0107 jest \u015bwietna \u2013 tylko warto dopilnowa\u0107, \u017ceby polisa by\u0142a dopasowana do plan\u00f3w.<\/p>\t\t\t\t\t\t\t\t<\/div>\n\t\t\t\t<\/div>\n\t\t\t\t\t<\/div>\n\t\t<\/div>\n\t\t\t\t\t<\/div>\n\t\t<\/section>\n\t\t\t\t<section class=\"elementor-section elementor-top-section elementor-element elementor-element-787f0cd elementor-section-boxed elementor-section-height-default elementor-section-height-default\" data-id=\"787f0cd\" data-element_type=\"section\">\n\t\t\t\t\t\t<div class=\"elementor-container elementor-column-gap-default\">\n\t\t\t\t\t<div class=\"elementor-column elementor-col-33 elementor-top-column elementor-element elementor-element-dc57b5f\" data-id=\"dc57b5f\" data-element_type=\"column\">\n\t\t\t<div class=\"elementor-widget-wrap elementor-element-populated\">\n\t\t\t\t\t\t<div class=\"elementor-element elementor-element-93eb01d elementor-widget elementor-widget-text-editor\" data-id=\"93eb01d\" data-element_type=\"widget\" data-widget_type=\"text-editor.default\">\n\t\t\t\t<div class=\"elementor-widget-container\">\n\t\t\t\t\t\t\t\t\t<h5><strong>Dobre ubezpieczenie na wyjazd zimowy mo\u017ce obejmowa\u0107 m.in.:<\/strong><\/h5><ul><li>koszty leczenia za granic\u0105 (KL),<\/li><li>NNW (nast\u0119pstwa nieszcz\u0119\u015bliwych wypadk\u00f3w),<\/li><li><b>OC w \u017cyciu prywatnym<\/b> (bardzo istotne na stoku, gdy wyrz\u0105dzimy komu\u015b szkod\u0119),<\/li><li><b>assistance<\/b> (organizacja pomocy, wsparcie w kryzysie),<\/li><li>opcjonalnie ratownictwo i transport oraz sprz\u0119t sportowy \/ baga\u017c.<\/li><\/ul>\t\t\t\t\t\t\t\t<\/div>\n\t\t\t\t<\/div>\n\t\t\t\t\t<\/div>\n\t\t<\/div>\n\t\t\t\t<div class=\"elementor-column elementor-col-33 elementor-top-column elementor-element elementor-element-0c56af6\" data-id=\"0c56af6\" data-element_type=\"column\">\n\t\t\t<div class=\"elementor-widget-wrap elementor-element-populated\">\n\t\t\t\t\t\t<div class=\"elementor-element elementor-element-5b69d7d elementor-widget elementor-widget-text-editor\" data-id=\"5b69d7d\" data-element_type=\"widget\" data-widget_type=\"text-editor.default\">\n\t\t\t\t<div class=\"elementor-widget-container\">\n\t\t\t\t\t\t\t\t\t<h5><strong>Najwa\u017cniejsze: polisa ma wspiera\u0107 w praktyce \u2013 kiedy jeste\u015b w obcym kraju, w stresie i potrzebujesz szybkiego dzia\u0142ania.<\/strong><\/h5><p>\u00a0<\/p><p>\u00a0<\/p><p>To nie dotyczy wy\u0142\u0105cznie zagranicy \u2013 w Polsce te\u017c \u0142atwo o wypadek<\/p><p>Druga pu\u0142apka my\u015blenia jest taka: \u201eubezpieczenie to tylko jak jad\u0119 za granic\u0119\u201d. A przecie\u017c ferie zimowe w kraju r\u00f3wnie\u017c mog\u0105 oznacza\u0107 kontuzj\u0119 na stoku, na lodowisku, na sankach czy podczas g\u00f3rskich spacer\u00f3w.<\/p>\t\t\t\t\t\t\t\t<\/div>\n\t\t\t\t<\/div>\n\t\t\t\t\t<\/div>\n\t\t<\/div>\n\t\t\t\t<div class=\"elementor-column elementor-col-33 elementor-top-column elementor-element elementor-element-1d9822e\" data-id=\"1d9822e\" data-element_type=\"column\">\n\t\t\t<div class=\"elementor-widget-wrap elementor-element-populated\">\n\t\t\t\t\t\t<div class=\"elementor-element elementor-element-a1d9c30 elementor-widget elementor-widget-text-editor\" data-id=\"a1d9c30\" data-element_type=\"widget\" data-widget_type=\"text-editor.default\">\n\t\t\t\t<div class=\"elementor-widget-container\">\n\t\t\t\t\t\t\t\t\t<h5><strong>W Polsce r\u00f3wnie\u017c mo\u017cna zadba\u0107 o sensowne zabezpieczenie<\/strong><\/h5><h5>\u2013 tak, aby w razie nieszcz\u0119\u015bliwego wypadku nie martwi\u0107 si\u0119 konsekwencjami finansowymi i organizacyjnymi, tylko skupi\u0107 si\u0119 na zdrowiu i szybkim powrocie do formy<\/h5>\t\t\t\t\t\t\t\t<\/div>\n\t\t\t\t<\/div>\n\t\t\t\t<div class=\"elementor-element elementor-element-f126bd1 elementor-widget elementor-widget-image\" data-id=\"f126bd1\" data-element_type=\"widget\" data-widget_type=\"image.default\">\n\t\t\t\t<div class=\"elementor-widget-container\">\n\t\t\t\t\t\t\t\t\t\t\t\t\t\t\t<img loading=\"lazy\" decoding=\"async\" width=\"940\" height=\"788\" src=\"https:\/\/wakacje-we-francji.pl\/wp-content\/uploads\/2026\/01\/14.png\" class=\"attachment-large size-large wp-image-3496\" alt=\"ubezpieczenia podr\u00f3\u017cy\" srcset=\"https:\/\/wakacje-we-francji.pl\/wp-content\/uploads\/2026\/01\/14.png 940w, https:\/\/wakacje-we-francji.pl\/wp-content\/uploads\/2026\/01\/14-300x251.png 300w, https:\/\/wakacje-we-francji.pl\/wp-content\/uploads\/2026\/01\/14-768x644.png 768w, https:\/\/wakacje-we-francji.pl\/wp-content\/uploads\/2026\/01\/14-14x12.png 14w\" sizes=\"(max-width: 940px) 100vw, 940px\" \/>\t\t\t\t\t\t\t\t\t\t\t\t\t\t\t<\/div>\n\t\t\t\t<\/div>\n\t\t\t\t<div class=\"elementor-element elementor-element-9e125cd elementor-widget elementor-widget-image\" data-id=\"9e125cd\" data-element_type=\"widget\" data-widget_type=\"image.default\">\n\t\t\t\t<div class=\"elementor-widget-container\">\n\t\t\t\t\t\t\t\t\t\t\t\t\t\t\t<img loading=\"lazy\" decoding=\"async\" width=\"940\" height=\"788\" src=\"https:\/\/wakacje-we-francji.pl\/wp-content\/uploads\/2026\/01\/15.png\" class=\"attachment-large size-large wp-image-3498\" alt=\"ubezpieczenie\" srcset=\"https:\/\/wakacje-we-francji.pl\/wp-content\/uploads\/2026\/01\/15.png 940w, https:\/\/wakacje-we-francji.pl\/wp-content\/uploads\/2026\/01\/15-300x251.png 300w, https:\/\/wakacje-we-francji.pl\/wp-content\/uploads\/2026\/01\/15-768x644.png 768w, https:\/\/wakacje-we-francji.pl\/wp-content\/uploads\/2026\/01\/15-14x12.png 14w\" sizes=\"(max-width: 940px) 100vw, 940px\" \/>\t\t\t\t\t\t\t\t\t\t\t\t\t\t\t<\/div>\n\t\t\t\t<\/div>\n\t\t\t\t\t<\/div>\n\t\t<\/div>\n\t\t\t\t\t<\/div>\n\t\t<\/section>\n\t\t\t\t<section class=\"elementor-section elementor-top-section elementor-element elementor-element-862d54b elementor-section-boxed elementor-section-height-default elementor-section-height-default\" data-id=\"862d54b\" data-element_type=\"section\">\n\t\t\t\t\t\t<div class=\"elementor-container elementor-column-gap-default\">\n\t\t\t\t\t<div class=\"elementor-column elementor-col-100 elementor-top-column elementor-element elementor-element-f061892\" data-id=\"f061892\" data-element_type=\"column\">\n\t\t\t<div class=\"elementor-widget-wrap elementor-element-populated\">\n\t\t\t\t\t\t<div class=\"elementor-element elementor-element-5a3e80b elementor-widget elementor-widget-text-editor\" data-id=\"5a3e80b\" data-element_type=\"widget\" data-widget_type=\"text-editor.default\">\n\t\t\t\t<div class=\"elementor-widget-container\">\n\t\t\t\t\t\t\t\t\t<h5>Dlaczego cz\u0119sto o tym zapominamy?<\/h5><p>Bo planujemy wyjazd \u201ena szybko\u201d, bo skupiamy si\u0119 na noclegu i skipassie, bo zak\u0142adamy, \u017ce \u201ejako\u015b to b\u0119dzie\u201d. A prawda jest prosta: <b>ubezpieczenie to jedna z tych rzeczy, kt\u00f3re maj\u0105 by\u0107 niewidoczne \u2013 a\u017c do momentu, kiedy staj\u0105 si\u0119 najwa\u017cniejsze<\/b>.<\/p><p>To forma zadbania o siebie i bliskich: spok\u00f3j psychiczny, ochrona portfela i poczucie, \u017ce w razie problemu nie zostajesz z tym sam.<\/p>\t\t\t\t\t\t\t\t<\/div>\n\t\t\t\t<\/div>\n\t\t\t\t\t<\/div>\n\t\t<\/div>\n\t\t\t\t\t<\/div>\n\t\t<\/section>\n\t\t\t\t<section class=\"elementor-section elementor-top-section elementor-element elementor-element-f9e6656 elementor-section-boxed elementor-section-height-default elementor-section-height-default\" data-id=\"f9e6656\" data-element_type=\"section\">\n\t\t\t\t\t\t<div class=\"elementor-container elementor-column-gap-default\">\n\t\t\t\t\t<div class=\"elementor-column elementor-col-100 elementor-top-column elementor-element elementor-element-5258725\" data-id=\"5258725\" data-element_type=\"column\">\n\t\t\t<div class=\"elementor-widget-wrap elementor-element-populated\">\n\t\t\t\t\t\t<div class=\"elementor-element elementor-element-6643c40 elementor-widget elementor-widget-gallery\" data-id=\"6643c40\" data-element_type=\"widget\" data-settings=\"{&quot;lazyload&quot;:&quot;yes&quot;,&quot;gallery_layout&quot;:&quot;grid&quot;,&quot;columns&quot;:4,&quot;columns_tablet&quot;:2,&quot;columns_mobile&quot;:1,&quot;gap&quot;:{&quot;unit&quot;:&quot;px&quot;,&quot;size&quot;:10,&quot;sizes&quot;:[]},&quot;gap_tablet&quot;:{&quot;unit&quot;:&quot;px&quot;,&quot;size&quot;:10,&quot;sizes&quot;:[]},&quot;gap_mobile&quot;:{&quot;unit&quot;:&quot;px&quot;,&quot;size&quot;:10,&quot;sizes&quot;:[]},&quot;link_to&quot;:&quot;file&quot;,&quot;aspect_ratio&quot;:&quot;3:2&quot;,&quot;overlay_background&quot;:&quot;yes&quot;,&quot;content_hover_animation&quot;:&quot;fade-in&quot;}\" data-widget_type=\"gallery.default\">\n\t\t\t\t<div class=\"elementor-widget-container\">\n\t\t\t\t\t\t\t<div class=\"elementor-gallery__container\">\n\t\t\t\t\t\t\t<a class=\"e-gallery-item elementor-gallery-item elementor-animated-content\" href=\"https:\/\/wakacje-we-francji.pl\/wp-content\/uploads\/2026\/01\/5.png\" data-elementor-open-lightbox=\"yes\" data-elementor-lightbox-slideshow=\"all-6643c40\" data-elementor-lightbox-title=\"koszty ratownictwa\" data-e-action-hash=\"#elementor-action%3Aaction%3Dlightbox%26settings%3DeyJpZCI6MzUwMiwidXJsIjoiaHR0cHM6XC9cL3dha2FjamUtd2UtZnJhbmNqaS5wbFwvd3AtY29udGVudFwvdXBsb2Fkc1wvMjAyNlwvMDFcLzUucG5nIiwic2xpZGVzaG93IjoiYWxsLTY2NDNjNDAifQ%3D%3D\">\n\t\t\t\t\t<div class=\"e-gallery-image elementor-gallery-item__image\" data-thumbnail=\"https:\/\/wakacje-we-francji.pl\/wp-content\/uploads\/2026\/01\/5-300x251.png\" data-width=\"300\" data-height=\"251\" alt=\"koszty ratownictwa\" ><\/div>\n\t\t\t\t\t\t\t\t\t\t\t<div class=\"elementor-gallery-item__overlay\"><\/div>\n\t\t\t\t\t\t\t\t\t\t\t\t\t\t<\/a>\n\t\t\t\t\t\t\t<a class=\"e-gallery-item elementor-gallery-item elementor-animated-content\" href=\"https:\/\/wakacje-we-francji.pl\/wp-content\/uploads\/2025\/10\/IMG_6215-scaled.jpg\" data-elementor-open-lightbox=\"yes\" data-elementor-lightbox-slideshow=\"all-6643c40\" data-elementor-lightbox-title=\"IMG_6215\" data-e-action-hash=\"#elementor-action%3Aaction%3Dlightbox%26settings%3DeyJpZCI6Mjg3NCwidXJsIjoiaHR0cHM6XC9cL3dha2FjamUtd2UtZnJhbmNqaS5wbFwvd3AtY29udGVudFwvdXBsb2Fkc1wvMjAyNVwvMTBcL0lNR182MjE1LXNjYWxlZC5qcGciLCJzbGlkZXNob3ciOiJhbGwtNjY0M2M0MCJ9\">\n\t\t\t\t\t<div class=\"e-gallery-image elementor-gallery-item__image\" data-thumbnail=\"https:\/\/wakacje-we-francji.pl\/wp-content\/uploads\/2025\/10\/IMG_6215-225x300.jpg\" data-width=\"225\" data-height=\"300\" alt=\"\" ><\/div>\n\t\t\t\t\t\t\t\t\t\t\t<div class=\"elementor-gallery-item__overlay\"><\/div>\n\t\t\t\t\t\t\t\t\t\t\t\t\t\t<\/a>\n\t\t\t\t\t\t\t<a class=\"e-gallery-item elementor-gallery-item elementor-animated-content\" href=\"https:\/\/wakacje-we-francji.pl\/wp-content\/uploads\/2025\/10\/lap5.webp\" data-elementor-open-lightbox=\"yes\" data-elementor-lightbox-slideshow=\"all-6643c40\" data-elementor-lightbox-title=\"lap5\" data-e-action-hash=\"#elementor-action%3Aaction%3Dlightbox%26settings%3DeyJpZCI6Mjc5MCwidXJsIjoiaHR0cHM6XC9cL3dha2FjamUtd2UtZnJhbmNqaS5wbFwvd3AtY29udGVudFwvdXBsb2Fkc1wvMjAyNVwvMTBcL2xhcDUud2VicCIsInNsaWRlc2hvdyI6ImFsbC02NjQzYzQwIn0%3D\">\n\t\t\t\t\t<div class=\"e-gallery-image elementor-gallery-item__image\" data-thumbnail=\"https:\/\/wakacje-we-francji.pl\/wp-content\/uploads\/2025\/10\/lap5-300x192.webp\" data-width=\"300\" data-height=\"192\" alt=\"\" ><\/div>\n\t\t\t\t\t\t\t\t\t\t\t<div class=\"elementor-gallery-item__overlay\"><\/div>\n\t\t\t\t\t\t\t\t\t\t\t\t\t\t<\/a>\n\t\t\t\t\t\t\t<a class=\"e-gallery-item elementor-gallery-item elementor-animated-content\" href=\"https:\/\/wakacje-we-francji.pl\/wp-content\/uploads\/2025\/08\/trzy-doliny.jpg\" data-elementor-open-lightbox=\"yes\" data-elementor-lightbox-slideshow=\"all-6643c40\" data-elementor-lightbox-title=\"trzy doliny\" data-e-action-hash=\"#elementor-action%3Aaction%3Dlightbox%26settings%3DeyJpZCI6MjM0NiwidXJsIjoiaHR0cHM6XC9cL3dha2FjamUtd2UtZnJhbmNqaS5wbFwvd3AtY29udGVudFwvdXBsb2Fkc1wvMjAyNVwvMDhcL3RyenktZG9saW55LmpwZyIsInNsaWRlc2hvdyI6ImFsbC02NjQzYzQwIn0%3D\">\n\t\t\t\t\t<div class=\"e-gallery-image elementor-gallery-item__image\" data-thumbnail=\"https:\/\/wakacje-we-francji.pl\/wp-content\/uploads\/2025\/08\/trzy-doliny-300x190.jpg\" data-width=\"300\" data-height=\"190\" alt=\"\" ><\/div>\n\t\t\t\t\t\t\t\t\t\t\t<div class=\"elementor-gallery-item__overlay\"><\/div>\n\t\t\t\t\t\t\t\t\t\t\t\t\t\t<\/a>\n\t\t\t\t\t\t\t<a class=\"e-gallery-item elementor-gallery-item elementor-animated-content\" href=\"https:\/\/wakacje-we-francji.pl\/wp-content\/uploads\/2025\/08\/w-narcarskim-raju.jpg\" data-elementor-open-lightbox=\"yes\" data-elementor-lightbox-slideshow=\"all-6643c40\" data-elementor-lightbox-title=\"w narcarskim raju\" data-e-action-hash=\"#elementor-action%3Aaction%3Dlightbox%26settings%3DeyJpZCI6MjM0MiwidXJsIjoiaHR0cHM6XC9cL3dha2FjamUtd2UtZnJhbmNqaS5wbFwvd3AtY29udGVudFwvdXBsb2Fkc1wvMjAyNVwvMDhcL3ctbmFyY2Fyc2tpbS1yYWp1LmpwZyIsInNsaWRlc2hvdyI6ImFsbC02NjQzYzQwIn0%3D\">\n\t\t\t\t\t<div class=\"e-gallery-image elementor-gallery-item__image\" data-thumbnail=\"https:\/\/wakacje-we-francji.pl\/wp-content\/uploads\/2025\/08\/w-narcarskim-raju-300x225.jpg\" data-width=\"300\" data-height=\"225\" alt=\"\" ><\/div>\n\t\t\t\t\t\t\t\t\t\t\t<div class=\"elementor-gallery-item__overlay\"><\/div>\n\t\t\t\t\t\t\t\t\t\t\t\t\t\t<\/a>\n\t\t\t\t\t\t\t<a class=\"e-gallery-item elementor-gallery-item elementor-animated-content\" href=\"https:\/\/wakacje-we-francji.pl\/wp-content\/uploads\/2025\/11\/Obrazek-2.jpg\" data-elementor-open-lightbox=\"yes\" data-elementor-lightbox-slideshow=\"all-6643c40\" data-elementor-lightbox-title=\"Val Thorens\" data-e-action-hash=\"#elementor-action%3Aaction%3Dlightbox%26settings%3DeyJpZCI6MzI5OSwidXJsIjoiaHR0cHM6XC9cL3dha2FjamUtd2UtZnJhbmNqaS5wbFwvd3AtY29udGVudFwvdXBsb2Fkc1wvMjAyNVwvMTFcL09icmF6ZWstMi5qcGciLCJzbGlkZXNob3ciOiJhbGwtNjY0M2M0MCJ9\">\n\t\t\t\t\t<div class=\"e-gallery-image elementor-gallery-item__image\" data-thumbnail=\"https:\/\/wakacje-we-francji.pl\/wp-content\/uploads\/2025\/11\/Obrazek-2-300x158.jpg\" data-width=\"300\" data-height=\"158\" alt=\"Val Thorens\" ><\/div>\n\t\t\t\t\t\t\t\t\t\t\t<div class=\"elementor-gallery-item__overlay\"><\/div>\n\t\t\t\t\t\t\t\t\t\t\t\t\t\t<\/a>\n\t\t\t\t\t\t\t<a class=\"e-gallery-item elementor-gallery-item elementor-animated-content\" href=\"https:\/\/wakacje-we-francji.pl\/wp-content\/uploads\/2025\/10\/me2.webp\" data-elementor-open-lightbox=\"yes\" data-elementor-lightbox-slideshow=\"all-6643c40\" data-elementor-lightbox-title=\"me2\" data-e-action-hash=\"#elementor-action%3Aaction%3Dlightbox%26settings%3DeyJpZCI6MjgwMCwidXJsIjoiaHR0cHM6XC9cL3dha2FjamUtd2UtZnJhbmNqaS5wbFwvd3AtY29udGVudFwvdXBsb2Fkc1wvMjAyNVwvMTBcL21lMi53ZWJwIiwic2xpZGVzaG93IjoiYWxsLTY2NDNjNDAifQ%3D%3D\">\n\t\t\t\t\t<div class=\"e-gallery-image elementor-gallery-item__image\" data-thumbnail=\"https:\/\/wakacje-we-francji.pl\/wp-content\/uploads\/2025\/10\/me2-300x192.webp\" data-width=\"300\" data-height=\"192\" alt=\"\" ><\/div>\n\t\t\t\t\t\t\t\t\t\t\t<div class=\"elementor-gallery-item__overlay\"><\/div>\n\t\t\t\t\t\t\t\t\t\t\t\t\t\t<\/a>\n\t\t\t\t\t\t\t<a class=\"e-gallery-item elementor-gallery-item elementor-animated-content\" href=\"https:\/\/wakacje-we-francji.pl\/wp-content\/uploads\/2025\/10\/la3.webp\" data-elementor-open-lightbox=\"yes\" data-elementor-lightbox-slideshow=\"all-6643c40\" data-elementor-lightbox-title=\"la3\" data-e-action-hash=\"#elementor-action%3Aaction%3Dlightbox%26settings%3DeyJpZCI6Mjc4MiwidXJsIjoiaHR0cHM6XC9cL3dha2FjamUtd2UtZnJhbmNqaS5wbFwvd3AtY29udGVudFwvdXBsb2Fkc1wvMjAyNVwvMTBcL2xhMy53ZWJwIiwic2xpZGVzaG93IjoiYWxsLTY2NDNjNDAifQ%3D%3D\">\n\t\t\t\t\t<div class=\"e-gallery-image elementor-gallery-item__image\" data-thumbnail=\"https:\/\/wakacje-we-francji.pl\/wp-content\/uploads\/2025\/10\/la3-300x192.webp\" data-width=\"300\" data-height=\"192\" alt=\"\" ><\/div>\n\t\t\t\t\t\t\t\t\t\t\t<div class=\"elementor-gallery-item__overlay\"><\/div>\n\t\t\t\t\t\t\t\t\t\t\t\t\t\t<\/a>\n\t\t\t\t\t<\/div>\n\t\t\t\t\t<\/div>\n\t\t\t\t<\/div>\n\t\t\t\t\t<\/div>\n\t\t<\/div>\n\t\t\t\t\t<\/div>\n\t\t<\/section>\n\t\t\t\t<section class=\"elementor-section elementor-top-section elementor-element elementor-element-2333694 elementor-section-boxed elementor-section-height-default elementor-section-height-default\" data-id=\"2333694\" data-element_type=\"section\">\n\t\t\t\t\t\t<div class=\"elementor-container elementor-column-gap-default\">\n\t\t\t\t\t<div class=\"elementor-column elementor-col-100 elementor-top-column elementor-element elementor-element-dcf5018\" data-id=\"dcf5018\" data-element_type=\"column\">\n\t\t\t<div class=\"elementor-widget-wrap elementor-element-populated\">\n\t\t\t\t\t\t<div class=\"elementor-element elementor-element-74f12a9 elementor-widget elementor-widget-text-editor\" data-id=\"74f12a9\" data-element_type=\"widget\" data-widget_type=\"text-editor.default\">\n\t\t\t\t<div class=\"elementor-widget-container\">\n\t\t\t\t\t\t\t\t\t<h3>Je\u015bli chcesz, pomog\u0119 dobra\u0107 polis\u0119 \u2013 oferuj\u0119 ubezpieczenia Signal Iduna<\/h3><p>Je\u017celi planujesz wyjazd na narty (do Francji lub w inne miejsce) albo ferie zimowe w Polsce i chcesz podej\u015b\u0107 do tematu odpowiedzialnie, mog\u0119 pom\u00f3c w wyborze odpowiedniego wariantu. <b>Proponuj\u0119 ubezpieczenia Signal Iduna<\/b> \u2013 dopasowane do rodzaju wyjazdu, aktywno\u015bci oraz realnych potrzeb (tak, aby ochrona by\u0142a praktyczna, a nie tylko \u201ena papierze\u201d).<\/p><p>Wype\u0142nij poni\u017cszy formularz a ja przygotuje zwrotnie propozycje ubezpieczenia.<\/p><p>Zapraszam Agnieszka\u00a0<\/p>\t\t\t\t\t\t\t\t<\/div>\n\t\t\t\t<\/div>\n\t\t\t\t\t<\/div>\n\t\t<\/div>\n\t\t\t\t\t<\/div>\n\t\t<\/section>\n\t\t\t\t<section class=\"elementor-section elementor-top-section elementor-element elementor-element-588dfa1 elementor-section-boxed elementor-section-height-default elementor-section-height-default\" data-id=\"588dfa1\" data-element_type=\"section\">\n\t\t\t\t\t\t<div class=\"elementor-container elementor-column-gap-default\">\n\t\t\t\t\t<div class=\"elementor-column elementor-col-100 elementor-top-column elementor-element elementor-element-6cd9322\" data-id=\"6cd9322\" data-element_type=\"column\">\n\t\t\t<div class=\"elementor-widget-wrap elementor-element-populated\">\n\t\t\t\t\t\t<div class=\"elementor-element elementor-element-5ea0de2 elementor-button-align-stretch elementor-widget elementor-widget-form\" data-id=\"5ea0de2\" data-element_type=\"widget\" data-settings=\"{&quot;step_next_label&quot;:&quot;Next&quot;,&quot;step_previous_label&quot;:&quot;Previous&quot;,&quot;button_width&quot;:&quot;100&quot;,&quot;step_type&quot;:&quot;number_text&quot;,&quot;step_icon_shape&quot;:&quot;circle&quot;}\" data-widget_type=\"form.default\">\n\t\t\t\t<div class=\"elementor-widget-container\">\n\t\t\t\t\t\t\t<form class=\"elementor-form\" method=\"post\" name=\"New Form\" action=\"\">\n\t\t\t<input type=\"hidden\" name=\"post_id\" value=\"3462\"\/>\n\t\t\t<input type=\"hidden\" name=\"form_id\" value=\"5ea0de2\"\/>\n\t\t\t<input type=\"hidden\" name=\"referer_title\" value=\"\" \/>\n\n\t\t\t\n\t\t\t<div class=\"elementor-form-fields-wrapper elementor-labels-above\">\n\t\t\t\t\t\t\t\t<div class=\"elementor-field-type-text elementor-field-group elementor-column elementor-field-group-name elementor-col-100\">\n\t\t\t\t\t\t\t\t\t\t\t\t<label for=\"form-field-name\" class=\"elementor-field-label\">\n\t\t\t\t\t\t\t\tImi\u0119\t\t\t\t\t\t\t<\/label>\n\t\t\t\t\t\t\t\t\t\t\t\t\t\t<input size=\"1\" type=\"text\" name=\"form_fields[name]\" id=\"form-field-name\" class=\"elementor-field elementor-size-sm  elementor-field-textual\" placeholder=\"Imi\u0119\">\n\t\t\t\t\t\t\t\t\t\t\t<\/div>\n\t\t\t\t\t\t\t\t<div class=\"elementor-field-type-email elementor-field-group elementor-column elementor-field-group-email elementor-col-100 elementor-field-required\">\n\t\t\t\t\t\t\t\t\t\t\t\t<label for=\"form-field-email\" class=\"elementor-field-label\">\n\t\t\t\t\t\t\t\tEmail\t\t\t\t\t\t\t<\/label>\n\t\t\t\t\t\t\t\t\t\t\t\t\t\t<input size=\"1\" type=\"email\" name=\"form_fields[email]\" id=\"form-field-email\" class=\"elementor-field elementor-size-sm  elementor-field-textual\" placeholder=\"Email\" required=\"required\" aria-required=\"true\">\n\t\t\t\t\t\t\t\t\t\t\t<\/div>\n\t\t\t\t\t\t\t\t<div class=\"elementor-field-type-textarea elementor-field-group elementor-column elementor-field-group-message elementor-col-100\">\n\t\t\t\t\t\t\t\t\t\t\t\t<label for=\"form-field-message\" class=\"elementor-field-label\">\n\t\t\t\t\t\t\t\tTermin wyjazdu i powrotu\t\t\t\t\t\t\t<\/label>\n\t\t\t\t\t\t<textarea class=\"elementor-field-textual elementor-field  elementor-size-sm\" name=\"form_fields[message]\" id=\"form-field-message\" rows=\"4\" placeholder=\"Wiadomo\u015b\u0107\"><\/textarea>\t\t\t\t<\/div>\n\t\t\t\t\t\t\t\t<div class=\"elementor-field-type-textarea elementor-field-group elementor-column elementor-field-group-field_6085a19 elementor-col-100\">\n\t\t\t\t\t\t\t\t\t\t\t\t<label for=\"form-field-field_6085a19\" class=\"elementor-field-label\">\n\t\t\t\t\t\t\t\tPodaj liczb\u0119 os\u00f3b i daty urodzin\t\t\t\t\t\t\t<\/label>\n\t\t\t\t\t\t<textarea class=\"elementor-field-textual elementor-field  elementor-size-sm\" name=\"form_fields[field_6085a19]\" id=\"form-field-field_6085a19\" rows=\"4\" placeholder=\"Wiadomo\u015b\u0107\"><\/textarea>\t\t\t\t<\/div>\n\t\t\t\t\t\t\t\t<div class=\"elementor-field-type-text elementor-field-group elementor-column elementor-field-group-field_785b4e6 elementor-col-100\">\n\t\t\t\t\t\t\t\t\t\t\t\t<label for=\"form-field-field_785b4e6\" class=\"elementor-field-label\">\n\t\t\t\t\t\t\t\tPodaj kraj do jakiego si\u0119 udajesz oraz jakie sporty b\u0119dziesz uprawia\u0142\t\t\t\t\t\t\t<\/label>\n\t\t\t\t\t\t\t\t\t\t\t\t\t\t<input size=\"1\" type=\"text\" name=\"form_fields[field_785b4e6]\" id=\"form-field-field_785b4e6\" class=\"elementor-field elementor-size-sm  elementor-field-textual\" placeholder=\"Wiadomo\u015b\u0107\">\n\t\t\t\t\t\t\t\t\t\t\t<\/div>\n\t\t\t\t\t\t\t\t<div class=\"elementor-field-group elementor-column elementor-field-type-submit elementor-col-100 e-form__buttons\">\n\t\t\t\t\t<button type=\"submit\" class=\"elementor-button elementor-size-sm\">\n\t\t\t\t\t\t<span >\n\t\t\t\t\t\t\t\t\t\t\t\t\t\t\t<span class=\"elementor-button-icon\">\n\t\t\t\t\t\t\t\t\t\t\t\t\t\t\t\t\t\t\t\t\t\t\t\t\t\t<\/span>\n\t\t\t\t\t\t\t\t\t\t\t\t\t\t\t\t\t\t\t\t\t\t<span class=\"elementor-button-text\">wy\u015blij<\/span>\n\t\t\t\t\t\t\t\t\t\t\t\t\t<\/span>\n\t\t\t\t\t<\/button>\n\t\t\t\t<\/div>\n\t\t\t<\/div>\n\t\t<input type=\"hidden\" name=\"trp-form-language\" value=\"en\"\/><\/form>\n\t\t\t\t\t\t<\/div>\n\t\t\t\t<\/div>\n\t\t\t\t\t<\/div>\n\t\t<\/div>\n\t\t\t\t\t<\/div>\n\t\t<\/section>\n\t\t\t\t<section class=\"elementor-section elementor-top-section elementor-element elementor-element-e26e441 elementor-section-boxed elementor-section-height-default elementor-section-height-default\" data-id=\"e26e441\" data-element_type=\"section\">\n\t\t\t\t\t\t<div class=\"elementor-container elementor-column-gap-default\">\n\t\t\t\t\t<div class=\"elementor-column elementor-col-100 elementor-top-column elementor-element elementor-element-fde59ec\" data-id=\"fde59ec\" data-element_type=\"column\">\n\t\t\t<div class=\"elementor-widget-wrap elementor-element-populated\">\n\t\t\t\t\t\t<div class=\"elementor-element elementor-element-7c2df67 elementor-widget elementor-widget-heading\" data-id=\"7c2df67\" data-element_type=\"widget\" data-widget_type=\"heading.default\">\n\t\t\t\t<div class=\"elementor-widget-container\">\n\t\t\t\t\t<h2 class=\"elementor-heading-title elementor-size-default\">FAQ Najcz\u0119\u015bciej zadawane pytania o ubezpieczenie na ferie zimowe i wyjazd na narty<\/h2>\t\t\t\t<\/div>\n\t\t\t\t<\/div>\n\t\t\t\t<div class=\"elementor-element elementor-element-c2293bc elementor-widget elementor-widget-text-editor\" data-id=\"c2293bc\" data-element_type=\"widget\" data-widget_type=\"text-editor.default\">\n\t\t\t\t<div class=\"elementor-widget-container\">\n\t\t\t\t\t\t\t\t\t<p>\u00a0<b>1) Czy EKUZ wystarczy na wyjazd na narty za granic\u0119?<\/b><br \/>EKUZ warto mie\u0107, ale zazwyczaj nie wystarcza jako jedyna ochrona. Dzia\u0142a w ramach publicznego systemu opieki zdrowotnej i nie obejmuje wielu istotnych koszt\u00f3w, np. transportu medycznego do Polski. Ubezpieczenie turystyczne daje szersz\u0105 ochron\u0119 i realne wsparcie w razie problem\u00f3w.<\/p><p><b>2) Co dok\u0142adnie nie jest obj\u0119te przez EKUZ?<\/b><br \/>Najcz\u0119\u015bciej problemem jest brak pokrycia koszt\u00f3w transportu do kraju oraz r\u00f3\u017cnego rodzaju dop\u0142aty i ograniczenia wynikaj\u0105ce z zasad leczenia w danym pa\u0144stwie. EKUZ nie jest te\u017c pe\u0142nym pakietem \u201ena ka\u017cdy scenariusz\u201d (np. odpowiedzialno\u015b\u0107 cywilna na stoku czy pomoc assistance).<\/p><p><b>3) Jakie elementy powinna zawiera\u0107 polisa na narty?<\/b><br \/>W praktyce kluczowe s\u0105: koszty leczenia (KL), assistance, NNW oraz OC w \u017cyciu prywatnym. W zale\u017cno\u015bci od plan\u00f3w warto rozwa\u017cy\u0107 tak\u017ce ratownictwo\/akcje poszukiwawcze, transport medyczny, ochron\u0119 baga\u017cu i sprz\u0119tu sportowego.<\/p><p><b>4) Czy ubezpieczenie obejmuje sporty zimowe, takie jak narty i snowboard?<\/b><br \/>Tak, ale trzeba dopilnowa\u0107, aby polisa obejmowa\u0142a sporty zimowe i planowany poziom aktywno\u015bci. W cz\u0119\u015bci ofert sporty mog\u0105 wymaga\u0107 dodatkowego rozszerzenia (np. sporty wysokiego ryzyka, jazda poza trasami).<\/p><p><b>5) Czy jazda poza trasami (off-piste) jest obj\u0119ta ubezpieczeniem?<\/b><br \/>To zale\u017cy od wariantu. Cz\u0119sto wymaga dodatkowego rozszerzenia. Warto to sprawdzi\u0107 przed wyjazdem, je\u015bli planujesz takie aktywno\u015bci.<\/p><p><b>6) Po co mi OC na stoku?<\/b><br \/>Bo na stoku \u0142atwo o kolizj\u0119. Je\u015bli przypadkowo doprowadzisz do wypadku i kto\u015b ucierpi lub uszkodzisz czyj\u015b sprz\u0119t, mo\u017cesz ponosi\u0107 koszty odszkodowania. OC pomaga zabezpieczy\u0107 Ci\u0119 finansowo w takich sytuacjach.<\/p><p><b>7) Czy ubezpieczenie pokrywa transport medyczny do Polski?<\/b><br \/>W\u0142a\u015bnie to jest jedna z najwa\u017cniejszych r\u00f3\u017cnic w por\u00f3wnaniu do EKUZ. Dobrze dobrana polisa mo\u017ce obejmowa\u0107 koszty transportu medycznego do kraju lub transport mi\u0119dzy plac\u00f3wkami, co bywa bardzo drogie.<\/p><p><b>8) Czy ubezpieczenie dzia\u0142a te\u017c, je\u015bli sp\u0119dzam ferie zimowe w Polsce?<\/b><br \/>Tak, w Polsce r\u00f3wnie\u017c \u0142atwo o nieszcz\u0119\u015bliwy wypadek (stok, lodowisko, g\u00f3rskie trasy, sanki). Mo\u017cna dobra\u0107 ochron\u0119 tak, aby zapewnia\u0142a wsparcie i wyp\u0142at\u0119 \u015bwiadcze\u0144 tak\u017ce podczas wyjazdu krajowego.<\/p><p><b>9) Czy musz\u0119 wykupi\u0107 ubezpieczenie, je\u015bli mam ju\u017c prywatn\u0105 opiek\u0119 medyczn\u0105?<\/b><br \/>Prywatna opieka medyczna w Polsce nie zawsze rozwi\u0105zuje problem za granic\u0105 i zwykle nie obejmuje transportu medycznego, ratownictwa czy OC. Ubezpieczenie turystyczne jest zaprojektowane typowo pod podr\u00f3\u017ce i zdarzenia na wyje\u017adzie.<\/p><p><b>10) Jak dobra\u0107 sum\u0119 ubezpieczenia koszt\u00f3w leczenia (KL)?<\/b><br \/>To zale\u017cy od kraju, d\u0142ugo\u015bci wyjazdu i aktywno\u015bci. Przy wyjazdach narciarskich warto wybiera\u0107 warianty z wy\u017cszymi limitami, bo koszty diagnostyki, hospitalizacji i transportu potrafi\u0105 szybko rosn\u0105\u0107.<\/p><p><b>11) Czy ubezpieczenie obejmuje ratownictwo g\u00f3rskie i akcje na stoku?<\/b><br \/>Nie zawsze w standardzie. Warto sprawdzi\u0107, czy polisa zawiera ratownictwo oraz transport z miejsca wypadku do plac\u00f3wki medycznej, bo to jeden z kluczowych element\u00f3w przy feriach zimowych.<\/p><p><b>12) Czy ubezpieczenie obejmuje sprz\u0119t narciarski i baga\u017c?<\/b><br \/>Cz\u0119sto tak \u2013 jako dodatkowa opcja lub w szerszym wariancie. Je\u015bli zabierasz drogi sprz\u0119t lub planujesz wypo\u017cyczenie, warto rozwa\u017cy\u0107 ochron\u0119 baga\u017cu\/sprz\u0119tu oraz ewentualnie koszty zwi\u0105zane z op\u00f3\u017anieniem baga\u017cu.<\/p><p><b>13) Kiedy najlepiej kupi\u0107 ubezpieczenie przed wyjazdem?<\/b><br \/>Najlepiej nie zostawia\u0107 tego na ostatni\u0105 chwil\u0119. Kupuj\u0105c wcze\u015bniej, masz czas, by dopasowa\u0107 wariant do aktywno\u015bci (narty\/snowboard, off-piste, sportowe rozszerzenia) i sprawdzi\u0107 szczeg\u00f3\u0142y zakresu.<\/p><p><b>14) Co zrobi\u0107, je\u015bli zdarzy si\u0119 wypadek za granic\u0105?<\/b><br \/>Najwa\u017cniejsze: zadba\u0107 o bezpiecze\u0144stwo, wezwa\u0107 pomoc i skontaktowa\u0107 si\u0119 z centrum assistance wskazanym w polisie. Assistance zwykle podpowiada, gdzie jecha\u0107, jak zorganizowa\u0107 pomoc i jakie dokumenty zebra\u0107.<\/p><p><b>15) Jakie ubezpieczenie proponujesz dla klient\u00f3w jad\u0105cych na narty?<\/b><br \/>Pomagam dobra\u0107 ubezpieczenie dopasowane do kierunku i aktywno\u015bci \u2013 <b>proponuj\u0119 ubezpieczenia Signal Iduna<\/b>, aby zapewni\u0107 realn\u0105 ochron\u0119 (m.in. koszty leczenia, assistance, OC, NNW) podczas ferii zimowych za granic\u0105 i w Polsce.<\/p>\t\t\t\t\t\t\t\t<\/div>\n\t\t\t\t<\/div>\n\t\t\t\t\t<\/div>\n\t\t<\/div>\n\t\t\t\t\t<\/div>\n\t\t<\/section>\n\t\t\t\t<\/div>","protected":false},"excerpt":{"rendered":"<p>Ferie zimowe to dla wielu os\u00f3b najlepszy moment w roku: wyjazd na narty, snowboard, \u0142y\u017cwy, g\u00f3rskie spacery albo po prostu aktywny odpoczynek z rodzin\u0105. I w\u0142a\u015bnie wtedy, kiedy mamy by\u0107 \u201ena luzie\u201d, naj\u0142atwiej o sytuacje, kt\u00f3re potrafi\u0105 zepsu\u0107 wyjazd i\u2026 mocno uderzy\u0107 w bud\u017cet. Wypadki na stoku, kontuzje, nag\u0142e zachorowanie, konieczno\u015b\u0107 transportu medycznego, a nawet [&hellip;]<\/p>","protected":false},"author":3,"featured_media":0,"comment_status":"closed","ping_status":"open","sticky":false,"template":"","format":"standard","meta":{"_uag_custom_page_level_css":"","footnotes":""},"categories":[20],"tags":[176,179,172,174,177,175,181,180,182,178,170,173,171],"class_list":["post-3462","post","type-post","status-publish","format-standard","hentry","category-poradnik","tag-alpy","tag-assistance","tag-ekuz","tag-ferie-zimowe","tag-koszty-leczenia-za-granica","tag-narty-we-francji","tag-nnw","tag-oc-na-stoku","tag-signal-iduna","tag-transport-medyczny-do-polski","tag-ubezpieczenie-na-narty","tag-ubezpieczenie-narciarskie","tag-ubezpieczenie-turystyczne"],"uagb_featured_image_src":{"full":false,"thumbnail":false,"medium":false,"medium_large":false,"large":false,"1536x1536":false,"2048x2048":false,"trp-custom-language-flag":false},"uagb_author_info":{"display_name":"agnieszka","author_link":"https:\/\/wakacje-we-francji.pl\/en\/author\/agnieszka\/"},"uagb_comment_info":0,"uagb_excerpt":"Ferie zimowe to dla wielu os\u00f3b najlepszy moment w roku: wyjazd na narty, snowboard, \u0142y\u017cwy, g\u00f3rskie spacery albo po prostu aktywny odpoczynek z rodzin\u0105. I w\u0142a\u015bnie wtedy, kiedy mamy by\u0107 \u201ena luzie\u201d, naj\u0142atwiej o sytuacje, kt\u00f3re potrafi\u0105 zepsu\u0107 wyjazd i\u2026 mocno uderzy\u0107 w bud\u017cet. Wypadki na stoku, kontuzje, nag\u0142e zachorowanie, konieczno\u015b\u0107 transportu medycznego, a nawet&hellip;","_links":{"self":[{"href":"https:\/\/wakacje-we-francji.pl\/en\/wp-json\/wp\/v2\/posts\/3462","targetHints":{"allow":["GET"]}}],"collection":[{"href":"https:\/\/wakacje-we-francji.pl\/en\/wp-json\/wp\/v2\/posts"}],"about":[{"href":"https:\/\/wakacje-we-francji.pl\/en\/wp-json\/wp\/v2\/types\/post"}],"author":[{"embeddable":true,"href":"https:\/\/wakacje-we-francji.pl\/en\/wp-json\/wp\/v2\/users\/3"}],"replies":[{"embeddable":true,"href":"https:\/\/wakacje-we-francji.pl\/en\/wp-json\/wp\/v2\/comments?post=3462"}],"version-history":[{"count":67,"href":"https:\/\/wakacje-we-francji.pl\/en\/wp-json\/wp\/v2\/posts\/3462\/revisions"}],"predecessor-version":[{"id":3545,"href":"https:\/\/wakacje-we-francji.pl\/en\/wp-json\/wp\/v2\/posts\/3462\/revisions\/3545"}],"wp:attachment":[{"href":"https:\/\/wakacje-we-francji.pl\/en\/wp-json\/wp\/v2\/media?parent=3462"}],"wp:term":[{"taxonomy":"category","embeddable":true,"href":"https:\/\/wakacje-we-francji.pl\/en\/wp-json\/wp\/v2\/categories?post=3462"},{"taxonomy":"post_tag","embeddable":true,"href":"https:\/\/wakacje-we-francji.pl\/en\/wp-json\/wp\/v2\/tags?post=3462"}],"curies":[{"name":"wp","href":"https:\/\/api.w.org\/{rel}","templated":true}]}}