{"id":3547,"date":"2026-02-04T19:07:14","date_gmt":"2026-02-04T18:07:14","guid":{"rendered":"https:\/\/wakacje-we-francji.pl\/?p=3547"},"modified":"2026-02-04T20:30:15","modified_gmt":"2026-02-04T19:30:15","slug":"montmartre","status":"publish","type":"post","link":"https:\/\/wakacje-we-francji.pl\/en\/montmartre\/","title":{"rendered":"Chcesz pokaza\u0107 atmosfer\u0119 Montmartre swoim znajomym ?"},"content":{"rendered":"<div data-elementor-type=\"wp-post\" data-elementor-id=\"3547\" class=\"elementor elementor-3547\">\n\t\t\t\t\t\t<section class=\"elementor-section elementor-top-section elementor-element elementor-element-2f05a85 elementor-section-boxed elementor-section-height-default elementor-section-height-default\" data-id=\"2f05a85\" data-element_type=\"section\">\n\t\t\t\t\t\t<div class=\"elementor-container elementor-column-gap-default\">\n\t\t\t\t\t<div class=\"elementor-column elementor-col-100 elementor-top-column elementor-element elementor-element-a16c367\" data-id=\"a16c367\" data-element_type=\"column\">\n\t\t\t<div class=\"elementor-widget-wrap elementor-element-populated\">\n\t\t\t\t\t\t<div class=\"elementor-element elementor-element-32d0321 elementor-widget elementor-widget-text-editor\" data-id=\"32d0321\" data-element_type=\"widget\" data-widget_type=\"text-editor.default\">\n\t\t\t\t<div class=\"elementor-widget-container\">\n\t\t\t\t\t\t\t\t\t<p>Mam dla Ciebie idealne miejsce na chwil\u0119 wytchnienia i smaczny posi\u0142ek przy lampce wina.<\/p>\t\t\t\t\t\t\t\t<\/div>\n\t\t\t\t<\/div>\n\t\t\t\t\t<\/div>\n\t\t<\/div>\n\t\t\t\t\t<\/div>\n\t\t<\/section>\n\t\t\t\t<section class=\"elementor-section elementor-top-section elementor-element elementor-element-17759c1 elementor-section-boxed elementor-section-height-default elementor-section-height-default\" data-id=\"17759c1\" data-element_type=\"section\">\n\t\t\t\t\t\t<div class=\"elementor-container elementor-column-gap-default\">\n\t\t\t\t\t<div class=\"elementor-column elementor-col-50 elementor-top-column elementor-element elementor-element-1886a8b\" data-id=\"1886a8b\" data-element_type=\"column\">\n\t\t\t<div class=\"elementor-widget-wrap elementor-element-populated\">\n\t\t\t\t\t\t<div class=\"elementor-element elementor-element-5cd08ff elementor-widget elementor-widget-text-editor\" data-id=\"5cd08ff\" data-element_type=\"widget\" data-widget_type=\"text-editor.default\">\n\t\t\t\t<div class=\"elementor-widget-container\">\n\t\t\t\t\t\t\t\t\t<p><b>La Bonne Franquette<\/b> to XVI-wieczny dom ukryty w samym sercu starego Montmartre \u2014 miejsce, kt\u00f3re od wiek\u00f3w piel\u0119gnuje ducha tej niezwyk\u0142ej dzielnicy. Rado\u015b\u0107 \u017cycia, serdeczno\u015b\u0107, go\u015bcinno\u015b\u0107 wobec artyst\u00f3w, winiarzy oraz mi\u0142o\u015bnik\u00f3w dobrego wina i jedzenia idealnie oddaje montmartre\u2019owskie motto: <i>\u201eKocha\u0107, je\u015b\u0107, pi\u0107 i \u015bpiewa\u0107\u201d<\/i>. Dawniej znana jako \u201eAux Billards en Bois\u201d, restauracja przyj\u0119\u0142a nazw\u0119 La Bonne Franquette w 1925 roku z inicjatywy Francisque\u2019a Poulota. Po\u0142o\u017cona na szczycie wzg\u00f3rza, nieco na uboczu place du Tertre, pozwala zar\u00f3wno turystom, jak i pary\u017canom na chwil\u0119 oderwania si\u0119 od codzienno\u015bci i zanurzenie w sielskim, niemal wiejskim klimacie dawnego Montmartre.<\/p>\t\t\t\t\t\t\t\t<\/div>\n\t\t\t\t<\/div>\n\t\t\t\t<div class=\"elementor-element elementor-element-b3c831c elementor-widget elementor-widget-image\" data-id=\"b3c831c\" data-element_type=\"widget\" data-widget_type=\"image.default\">\n\t\t\t\t<div class=\"elementor-widget-container\">\n\t\t\t\t\t\t\t\t\t\t\t\t\t\t\t<img fetchpriority=\"high\" decoding=\"async\" width=\"405\" height=\"295\" src=\"https:\/\/wakacje-we-francji.pl\/wp-content\/uploads\/2026\/02\/fot2.jpg\" class=\"attachment-large size-large wp-image-3558\" alt=\"Montmartre\" srcset=\"https:\/\/wakacje-we-francji.pl\/wp-content\/uploads\/2026\/02\/fot2.jpg 405w, https:\/\/wakacje-we-francji.pl\/wp-content\/uploads\/2026\/02\/fot2-300x219.jpg 300w, https:\/\/wakacje-we-francji.pl\/wp-content\/uploads\/2026\/02\/fot2-16x12.jpg 16w\" sizes=\"(max-width: 405px) 100vw, 405px\" \/>\t\t\t\t\t\t\t\t\t\t\t\t\t\t\t<\/div>\n\t\t\t\t<\/div>\n\t\t\t\t<div class=\"elementor-element elementor-element-f8bc38d elementor-widget elementor-widget-image\" data-id=\"f8bc38d\" data-element_type=\"widget\" data-widget_type=\"image.default\">\n\t\t\t\t<div class=\"elementor-widget-container\">\n\t\t\t\t\t\t\t\t\t\t\t\t\t\t\t<img decoding=\"async\" width=\"587\" height=\"341\" src=\"https:\/\/wakacje-we-francji.pl\/wp-content\/uploads\/2026\/02\/fot3.jpg\" class=\"attachment-large size-large wp-image-3568\" alt=\"Le Bistrot de la Bonne Franquette\" srcset=\"https:\/\/wakacje-we-francji.pl\/wp-content\/uploads\/2026\/02\/fot3.jpg 587w, https:\/\/wakacje-we-francji.pl\/wp-content\/uploads\/2026\/02\/fot3-300x174.jpg 300w, https:\/\/wakacje-we-francji.pl\/wp-content\/uploads\/2026\/02\/fot3-18x10.jpg 18w\" sizes=\"(max-width: 587px) 100vw, 587px\" \/>\t\t\t\t\t\t\t\t\t\t\t\t\t\t\t<\/div>\n\t\t\t\t<\/div>\n\t\t\t\t\t<\/div>\n\t\t<\/div>\n\t\t\t\t<div class=\"elementor-column elementor-col-50 elementor-top-column elementor-element elementor-element-37f7b58\" data-id=\"37f7b58\" data-element_type=\"column\">\n\t\t\t<div class=\"elementor-widget-wrap elementor-element-populated\">\n\t\t\t\t\t\t<div class=\"elementor-element elementor-element-09b3ce3 elementor-widget elementor-widget-image\" data-id=\"09b3ce3\" data-element_type=\"widget\" data-widget_type=\"image.default\">\n\t\t\t\t<div class=\"elementor-widget-container\">\n\t\t\t\t\t\t\t\t\t\t\t\t\t\t\t<img decoding=\"async\" width=\"587\" height=\"391\" src=\"https:\/\/wakacje-we-francji.pl\/wp-content\/uploads\/2026\/02\/paris_rue_tale_sebastian_erras.jpg\" class=\"attachment-large size-large wp-image-3550\" alt=\"Restauracja na Montmartre\" srcset=\"https:\/\/wakacje-we-francji.pl\/wp-content\/uploads\/2026\/02\/paris_rue_tale_sebastian_erras.jpg 587w, https:\/\/wakacje-we-francji.pl\/wp-content\/uploads\/2026\/02\/paris_rue_tale_sebastian_erras-300x200.jpg 300w, https:\/\/wakacje-we-francji.pl\/wp-content\/uploads\/2026\/02\/paris_rue_tale_sebastian_erras-18x12.jpg 18w\" sizes=\"(max-width: 587px) 100vw, 587px\" \/>\t\t\t\t\t\t\t\t\t\t\t\t\t\t\t<\/div>\n\t\t\t\t<\/div>\n\t\t\t\t<div class=\"elementor-element elementor-element-eb111a5 elementor-widget elementor-widget-text-editor\" data-id=\"eb111a5\" data-element_type=\"widget\" data-widget_type=\"text-editor.default\">\n\t\t\t\t<div class=\"elementor-widget-container\">\n\t\t\t\t\t\t\t\t\t<p>Pod koniec XIX i na pocz\u0105tku XX wieku La Bonne Franquette by\u0142a prawdziwym miejscem spotka\u0144 artystycznej bohemy. Po wspinaczce na wzg\u00f3rze Butte arty\u015bci tacy jak Pissarro, Sisley, C\u00e9zanne, Toulouse-Lautrec, Renoir, Monet czy \u00c9mile Zola zasiadali spragnieni pod altanami w ogrodzie. Bywali tu r\u00f3wnie\u017c s\u0105siedzi \u2014 Suzanne Valadon i Utrillo, kt\u00f3rzy w 1896 roku zamieszkali nieopodal, na rogu rue des Saules i rue Cortot, blisko domu Aristide\u2019a Bruanta. Nawet P\u00e8re Tanguy, s\u0142ynny sprzedawca farb dla malarzy, przychodzi\u0142 tu pieszo z rue Clauzel, by spotyka\u0107 si\u0119 z artystami.<\/p><p>To w\u0142a\u015bnie tutaj Vincent Van Gogh, mieszkaj\u0105cy przy 54 rue Lepic wraz z bratem Th\u00e9o, namalowa\u0142 w 1886 roku obraz \u201eLa Guinguette\u201d. Utrzymany w ciemnej tonacji, charakterystycznej dla jego wczesnych prac z okresu holenderskiego i brukselskiego, nale\u017cy on do cyklu tzw. \u201eobraz\u00f3w z Montmartre\u201d z lat 1886\u20131887. Ich sielankowa atmosfera by\u0142a Van Goghowi znacznie bli\u017csza ni\u017c t\u0119tni\u0105ce \u017cyciem miejskie sceny Pary\u017ca.<\/p>\t\t\t\t\t\t\t\t<\/div>\n\t\t\t\t<\/div>\n\t\t\t\t\t<\/div>\n\t\t<\/div>\n\t\t\t\t\t<\/div>\n\t\t<\/section>\n\t\t\t\t<section class=\"elementor-section elementor-top-section elementor-element elementor-element-0b37894 elementor-section-boxed elementor-section-height-default elementor-section-height-default\" data-id=\"0b37894\" data-element_type=\"section\">\n\t\t\t\t\t\t<div class=\"elementor-container elementor-column-gap-default\">\n\t\t\t\t\t<div class=\"elementor-column elementor-col-100 elementor-top-column elementor-element elementor-element-a63ffbf\" data-id=\"a63ffbf\" data-element_type=\"column\">\n\t\t\t<div class=\"elementor-widget-wrap elementor-element-populated\">\n\t\t\t\t\t\t<div class=\"elementor-element elementor-element-e6d3ee9 elementor-widget elementor-widget-image\" data-id=\"e6d3ee9\" data-element_type=\"widget\" data-widget_type=\"image.default\">\n\t\t\t\t<div class=\"elementor-widget-container\">\n\t\t\t\t\t\t\t\t\t\t\t\t\t\t\t<img loading=\"lazy\" decoding=\"async\" width=\"405\" height=\"201\" src=\"https:\/\/wakacje-we-francji.pl\/wp-content\/uploads\/2026\/02\/Montmartre.jpg\" class=\"attachment-large size-large wp-image-3563\" alt=\"Montmartre\" srcset=\"https:\/\/wakacje-we-francji.pl\/wp-content\/uploads\/2026\/02\/Montmartre.jpg 405w, https:\/\/wakacje-we-francji.pl\/wp-content\/uploads\/2026\/02\/Montmartre-300x149.jpg 300w, https:\/\/wakacje-we-francji.pl\/wp-content\/uploads\/2026\/02\/Montmartre-18x9.jpg 18w\" sizes=\"(max-width: 405px) 100vw, 405px\" \/>\t\t\t\t\t\t\t\t\t\t\t\t\t\t\t<\/div>\n\t\t\t\t<\/div>\n\t\t\t\t\t<\/div>\n\t\t<\/div>\n\t\t\t\t\t<\/div>\n\t\t<\/section>\n\t\t\t\t<section class=\"elementor-section elementor-top-section elementor-element elementor-element-a1f5282 elementor-section-boxed elementor-section-height-default elementor-section-height-default\" data-id=\"a1f5282\" data-element_type=\"section\">\n\t\t\t\t\t\t<div class=\"elementor-container elementor-column-gap-default\">\n\t\t\t\t\t<div class=\"elementor-column elementor-col-100 elementor-top-column elementor-element elementor-element-4a1cbf6\" data-id=\"4a1cbf6\" data-element_type=\"column\">\n\t\t\t<div class=\"elementor-widget-wrap elementor-element-populated\">\n\t\t\t\t\t\t<div class=\"elementor-element elementor-element-a92c780 elementor-widget elementor-widget-text-editor\" data-id=\"a92c780\" data-element_type=\"widget\" data-widget_type=\"text-editor.default\">\n\t\t\t\t<div class=\"elementor-widget-container\">\n\t\t\t\t\t\t\t\t\t<p>Dzi\u015b La Bonne Franquette to rodzinna firma z 45-letni\u0105 histori\u0105, b\u0119d\u0105ca punktem odniesienia dla najlepszych producent\u00f3w i mi\u0142o\u015bnik\u00f3w wina. Karta obejmuje ponad 200 rodzaj\u00f3w win i alkoholi ze wszystkich francuskich apelacji, starannie wyselekcjonowanych przez w\u0142a\u015bciciela \u2014 mistrza sommeliera. To wina od pasjonat\u00f3w, kt\u00f3rzy z szacunkiem dla natury i terroir tworz\u0105 autentyczne produkty o wyrazistym charakterze.<br \/>Za kuchni\u0119 odpowiada Richard Dhammika, szef kuchni zwi\u0105zany z La Bonne Franquette od 20 lat. Proponuje on proste, klasyczne dania przygotowywane z certyfikowanych francuskich produkt\u00f3w.<\/p><p>Chcesz pokaza\u0107 swoim go\u015bciom prawdziw\u0105 atmosfer\u0119 Montmartre? Zorganizowa\u0107 spotkanie z przyjaci\u00f3\u0142mi, rodzin\u0105, wsp\u00f3\u0142pracownikami lub klientami? Lunch biznesowy, uroczysto\u015b\u0107 rodzinn\u0105, a mo\u017ce inne wyj\u0105tkowe wydarzenie?<br \/>W serdecznej, t\u0119tni\u0105cej \u017cyciem scenerii typowej dla Montmartre restauracja La Bonne Franquette oferuje mo\u017cliwo\u015b\u0107 rezerwacji stolika, sali lub nawet ca\u0142ego lokalu dla grup do 180 os\u00f3b. Na \u017cyczenie przygotowuje menu bankietowe, zapewnia opraw\u0119 muzyczn\u0105, pokazy montmartrois oraz dodatkowe us\u0142ugi.<\/p><p><b>Godziny otwarcia:<\/b><br \/>codziennie<br \/>12:00\u201314:30 oraz 19:00\u201322:00<br \/>(w tym niedziele i \u015bwi\u0119ta)<\/p>\t\t\t\t\t\t\t\t<\/div>\n\t\t\t\t<\/div>\n\t\t\t\t<div class=\"elementor-element elementor-element-cbc0049 elementor-widget elementor-widget-image\" data-id=\"cbc0049\" data-element_type=\"widget\" data-widget_type=\"image.default\">\n\t\t\t\t<div class=\"elementor-widget-container\">\n\t\t\t\t\t\t\t\t\t\t\t\t\t\t\t<img loading=\"lazy\" decoding=\"async\" width=\"750\" height=\"353\" src=\"https:\/\/wakacje-we-francji.pl\/wp-content\/uploads\/2026\/02\/bf_2_terrasses.jpg\" class=\"attachment-large size-large wp-image-3576\" alt=\"Le Bistrot de la Bonne Franquette\" srcset=\"https:\/\/wakacje-we-francji.pl\/wp-content\/uploads\/2026\/02\/bf_2_terrasses.jpg 750w, https:\/\/wakacje-we-francji.pl\/wp-content\/uploads\/2026\/02\/bf_2_terrasses-300x141.jpg 300w, https:\/\/wakacje-we-francji.pl\/wp-content\/uploads\/2026\/02\/bf_2_terrasses-18x8.jpg 18w\" sizes=\"(max-width: 750px) 100vw, 750px\" \/>\t\t\t\t\t\t\t\t\t\t\t\t\t\t\t<\/div>\n\t\t\t\t<\/div>\n\t\t\t\t\t<\/div>\n\t\t<\/div>\n\t\t\t\t\t<\/div>\n\t\t<\/section>\n\t\t\t\t<\/div>","protected":false},"excerpt":{"rendered":"<p>Mam dla Ciebie idealne miejsce na chwil\u0119 wytchnienia i smaczny posi\u0142ek przy lampce wina. La Bonne Franquette to XVI-wieczny dom ukryty w samym sercu starego Montmartre \u2014 miejsce, kt\u00f3re od wiek\u00f3w piel\u0119gnuje ducha tej niezwyk\u0142ej dzielnicy. Rado\u015b\u0107 \u017cycia, serdeczno\u015b\u0107, go\u015bcinno\u015b\u0107 wobec artyst\u00f3w, winiarzy oraz mi\u0142o\u015bnik\u00f3w dobrego wina i jedzenia idealnie oddaje montmartre\u2019owskie motto: \u201eKocha\u0107, je\u015b\u0107, [&hellip;]<\/p>","protected":false},"author":3,"featured_media":0,"comment_status":"closed","ping_status":"open","sticky":false,"template":"","format":"standard","meta":{"_uag_custom_page_level_css":"","footnotes":""},"categories":[94,20],"tags":[193,195,186,202,199,188,184,200,183,203,187,196,185,201,190,197,192,198,194,191,189],"class_list":["post-3547","post","type-post","status-publish","format-standard","hentry","category-atrakcje-paryza","category-poradnik","tag-artysci-montmartre","tag-bohema-paryska","tag-historia-montmartre","tag-klimatyczne-restauracje","tag-kolacja-w-paryzu","tag-kuchnia-francuska","tag-la-bonne-franquette","tag-lunch-w-paryzu","tag-montmartre","tag-montmartre-paryz","tag-paryskie-restauracje","tag-place-du-tertre","tag-restauracja-montmartre","tag-restauracja-z-historia","tag-sommelier","tag-stare-paryz","tag-sztuka-i-gastronomia","tag-tradycja-francuska","tag-van-gogh-montmartre","tag-winiarze-francuscy","tag-wino-francuskie"],"uagb_featured_image_src":{"full":false,"thumbnail":false,"medium":false,"medium_large":false,"large":false,"1536x1536":false,"2048x2048":false,"trp-custom-language-flag":false},"uagb_author_info":{"display_name":"agnieszka","author_link":"https:\/\/wakacje-we-francji.pl\/en\/author\/agnieszka\/"},"uagb_comment_info":0,"uagb_excerpt":"Mam dla Ciebie idealne miejsce na chwil\u0119 wytchnienia i smaczny posi\u0142ek przy lampce wina. La Bonne Franquette to XVI-wieczny dom ukryty w samym sercu starego Montmartre \u2014 miejsce, kt\u00f3re od wiek\u00f3w piel\u0119gnuje ducha tej niezwyk\u0142ej dzielnicy. Rado\u015b\u0107 \u017cycia, serdeczno\u015b\u0107, go\u015bcinno\u015b\u0107 wobec artyst\u00f3w, winiarzy oraz mi\u0142o\u015bnik\u00f3w dobrego wina i jedzenia idealnie oddaje montmartre\u2019owskie motto: \u201eKocha\u0107, je\u015b\u0107,&hellip;","_links":{"self":[{"href":"https:\/\/wakacje-we-francji.pl\/en\/wp-json\/wp\/v2\/posts\/3547","targetHints":{"allow":["GET"]}}],"collection":[{"href":"https:\/\/wakacje-we-francji.pl\/en\/wp-json\/wp\/v2\/posts"}],"about":[{"href":"https:\/\/wakacje-we-francji.pl\/en\/wp-json\/wp\/v2\/types\/post"}],"author":[{"embeddable":true,"href":"https:\/\/wakacje-we-francji.pl\/en\/wp-json\/wp\/v2\/users\/3"}],"replies":[{"embeddable":true,"href":"https:\/\/wakacje-we-francji.pl\/en\/wp-json\/wp\/v2\/comments?post=3547"}],"version-history":[{"count":26,"href":"https:\/\/wakacje-we-francji.pl\/en\/wp-json\/wp\/v2\/posts\/3547\/revisions"}],"predecessor-version":[{"id":3584,"href":"https:\/\/wakacje-we-francji.pl\/en\/wp-json\/wp\/v2\/posts\/3547\/revisions\/3584"}],"wp:attachment":[{"href":"https:\/\/wakacje-we-francji.pl\/en\/wp-json\/wp\/v2\/media?parent=3547"}],"wp:term":[{"taxonomy":"category","embeddable":true,"href":"https:\/\/wakacje-we-francji.pl\/en\/wp-json\/wp\/v2\/categories?post=3547"},{"taxonomy":"post_tag","embeddable":true,"href":"https:\/\/wakacje-we-francji.pl\/en\/wp-json\/wp\/v2\/tags?post=3547"}],"curies":[{"name":"wp","href":"https:\/\/api.w.org\/{rel}","templated":true}]}}