{"id":3779,"date":"2026-04-23T17:21:52","date_gmt":"2026-04-23T15:21:52","guid":{"rendered":"https:\/\/wakacje-we-francji.pl\/?p=3779"},"modified":"2026-04-23T19:31:09","modified_gmt":"2026-04-23T17:31:09","slug":"ogrod-egzotyczny-w-monako-niezwykle-miejsce-z-widokiem-ktorego-nie-da-sie-zapomniec","status":"publish","type":"post","link":"https:\/\/wakacje-we-francji.pl\/en\/ogrod-egzotyczny-w-monako-niezwykle-miejsce-z-widokiem-ktorego-nie-da-sie-zapomniec\/","title":{"rendered":"Ogr\u00f3d Egzotyczny w Monako \u2013 niezwyk\u0142e miejsce z widokiem, kt\u00f3rego nie da si\u0119 zapomnie\u0107"},"content":{"rendered":"<div data-elementor-type=\"wp-post\" data-elementor-id=\"3779\" class=\"elementor elementor-3779\">\n\t\t\t\t\t\t<section class=\"elementor-section elementor-top-section elementor-element elementor-element-a9e180b elementor-section-boxed elementor-section-height-default elementor-section-height-default\" data-id=\"a9e180b\" data-element_type=\"section\">\n\t\t\t\t\t\t<div class=\"elementor-container elementor-column-gap-default\">\n\t\t\t\t\t<div class=\"elementor-column elementor-col-100 elementor-top-column elementor-element elementor-element-6b78021\" data-id=\"6b78021\" data-element_type=\"column\">\n\t\t\t<div class=\"elementor-widget-wrap elementor-element-populated\">\n\t\t\t\t\t\t<div class=\"elementor-element elementor-element-8f4c004 elementor-widget elementor-widget-html\" data-id=\"8f4c004\" data-element_type=\"widget\" data-widget_type=\"html.default\">\n\t\t\t\t<div class=\"elementor-widget-container\">\n\t\t\t\t\t<style>\n.blog-monako {\n  max-width: 1100px;\n  margin: 0 auto;\n  font-family: Arial, Helvetica, sans-serif;\n  color: #24323d;\n  line-height: 1.75;\n}\n.blog-monako * {\n  box-sizing: border-box;\n}\n.blog-monako .hero,\n.blog-monako .section,\n.blog-monako .gallery-block,\n.blog-monako .cta-block {\n  margin-bottom: 28px;\n}\n.blog-monako .hero img,\n.blog-monako .image-box img,\n.blog-monako .gallery img {\n  width: 100%;\n  height: auto;\n  display: block;\n  border-radius: 20px;\n}\n.blog-monako h1 {\n  font-size: 42px;\n  line-height: 1.15;\n  margin: 28px 0 18px;\n  color: #183444;\n}\n.blog-monako h2 {\n  font-size: 30px;\n  line-height: 1.2;\n  margin: 0 0 18px;\n  color: #183444;\n}\n.blog-monako p {\n  font-size: 18px;\n  margin: 0 0 18px;\n}\n.blog-monako .lead {\n  font-size: 21px;\n}\n.blog-monako .box {\n  background: #ffffff;\n  border: 1px solid #e7ecef;\n  border-radius: 24px;\n  padding: 32px;\n}\n.blog-monako .grid-2 {\n  display: grid;\n  grid-template-columns: 1.1fr 0.9fr;\n  gap: 28px;\n  align-items: center;\n}\n.blog-monako .grid-2.reverse {\n  grid-template-columns: 0.9fr 1.1fr;\n}\n.blog-monako .stats {\n  display: grid;\n  grid-template-columns: repeat(3, 1fr);\n  gap: 16px;\n  margin-top: 20px;\n}\n.blog-monako .stat {\n  background: #f7f9fa;\n  border: 1px solid #e7ecef;\n  border-radius: 18px;\n  padding: 20px;\n}\n.blog-monako .stat strong {\n  display: block;\n  font-size: 28px;\n  color: #183444;\n  margin-bottom: 6px;\n}\n.blog-monako .quote {\n  background: #fff7f1;\n  border-left: 5px solid #d27a43;\n  border-radius: 16px;\n  padding: 24px;\n  font-size: 20px;\n  margin-bottom: 20px;\n}\n.blog-monako .gallery {\n  display: grid;\n  grid-template-columns: repeat(3, 1fr);\n  gap: 18px;\n}\n.blog-monako .cta-block .box {\n  background: #183444;\n  color: #ffffff;\n}\n.blog-monako .cta-block h2,\n.blog-monako .cta-block p {\n  color: #ffffff;\n}\n@media (max-width: 900px) {\n  .blog-monako h1 {\n    font-size: 32px;\n  }\n  .blog-monako h2 {\n    font-size: 26px;\n  }\n  .blog-monako .grid-2,\n  .blog-monako .grid-2.reverse,\n  .blog-monako .stats,\n  .blog-monako .gallery {\n    grid-template-columns: 1fr;\n  }\n}\n<\/style>\n\n<div class=\"blog-monako\">\n  <div class=\"hero\">\n    <img decoding=\"async\" src=\"https:\/\/wakacje-we-francji.pl\/wp-content\/uploads\/2026\/04\/6.jpeg\" alt=\"Ogr\u00f3d Egzotyczny w Monako\" \/>\n  <\/div>\n\n  <div class=\"box section\">\n    <h1>Ogr\u00f3d Egzotyczny w Monako \u2013 niezwyk\u0142e miejsce z widokiem, kt\u00f3rego nie da si\u0119 zapomnie\u0107<\/h1>\n\n    <p class=\"lead\">Monako wielu osobom kojarzy si\u0119 przede wszystkim z luksusem, eleganckimi ulicami, s\u0142ynnym kasynem i widokiem drogich jacht\u00f3w w porcie. Tymczasem w tym niewielkim ksi\u0119stwie znajduje si\u0119 tak\u017ce miejsce, kt\u00f3re zachwyca zupe\u0142nie inaczej \u2014 spokojem, natur\u0105 i wyj\u0105tkowym po\u0142o\u017ceniem. Ogr\u00f3d Egzotyczny w Monako to jedna z tych atrakcji, kt\u00f3re potrafi\u0105 oczarowa\u0107 od pierwszej chwili i sprawi\u0107, \u017ce chce si\u0119 zosta\u0107 tam d\u0142u\u017cej.<\/p>\n  <\/div>\n\n  <div class=\"box section\">\n    <div class=\"grid-2\">\n      <div>\n        <h2>Panorama Monako z zupe\u0142nie innej perspektywy<\/h2>\n        <p>To miejsce jest wyj\u0105tkowe nie tylko ze wzgl\u0119du na swoj\u0105 ro\u015blinno\u015b\u0107, ale tak\u017ce dzi\u0119ki spektakularnemu po\u0142o\u017ceniu. Ogr\u00f3d zosta\u0142 za\u0142o\u017cony na skale, wysoko ponad miastem, dzi\u0119ki czemu podczas spaceru mo\u017cna podziwia\u0107 niezwyk\u0142e panoramy Monako, Starego Miasta i dzielnicy Fontvieille. To w\u0142a\u015bnie tutaj wida\u0107, jak pi\u0119knie natura \u0142\u0105czy si\u0119 z elegancj\u0105 Lazurowego Wybrze\u017ca. Ka\u017cdy krok ods\u0142ania nowy widok, a ca\u0142o\u015b\u0107 robi wra\u017cenie zar\u00f3wno na mi\u0142o\u015bnikach przyrody, jak i na osobach, kt\u00f3re po prostu lubi\u0105 odkrywa\u0107 wyj\u0105tkowe miejsca.<\/p>\n      <\/div>\n      <div class=\"image-box\">\n        <img decoding=\"async\" src=\"https:\/\/wakacje-we-francji.pl\/wp-content\/uploads\/2026\/04\/5.jpeg\" alt=\"Widoki z Ogrodu Egzotycznego w Monako\" \/>\n      <\/div>\n    <\/div>\n  <\/div>\n\n  <div class=\"box section\">\n    <div class=\"grid-2 reverse\">\n      <div class=\"image-box\">\n        <img decoding=\"async\" src=\"https:\/\/wakacje-we-francji.pl\/wp-content\/uploads\/2026\/04\/4.jpeg\" alt=\"Kaktusy i sukulenty w Ogrodzie Egzotycznym w Monako\" \/>\n      <\/div>\n      <div>\n        <h2>Historia i niezwyk\u0142a kolekcja ro\u015blin<\/h2>\n        <p>Ogr\u00f3d Egzotyczny zosta\u0142 otwarty w 1933 roku z inicjatywy ksi\u0119cia Alberta I. Od tamtej pory sta\u0142 si\u0119 jednym z najbardziej charakterystycznych punkt\u00f3w na mapie Monako. Znajduj\u0105 si\u0119 tu imponuj\u0105ce kolekcje sukulent\u00f3w i kaktus\u00f3w pochodz\u0105cych z r\u00f3\u017cnych stron \u015bwiata, mi\u0119dzy innymi z Ameryki oraz Afryki. Co wa\u017cne, wiele z tych ro\u015blin osi\u0105gn\u0119\u0142o ju\u017c imponuj\u0105cy wiek i rozmiary, dzi\u0119ki czemu spacer po ogrodzie daje wra\u017cenie obcowania z prawdziwie unikaln\u0105 kolekcj\u0105.<\/p>\n      <\/div>\n    <\/div>\n\n    <div class=\"stats\">\n      <div class=\"stat\">\n        <strong>1933<\/strong>\n        <span>rok otwarcia ogrodu<\/span>\n      <\/div>\n      <div class=\"stat\">\n        <strong>Monako<\/strong>\n        <span>jedna z najpi\u0119kniejszych atrakcji ksi\u0119stwa<\/span>\n      <\/div>\n      <div class=\"stat\">\n        <strong>Egzotyka<\/strong>\n        <span>kaktusy i sukulenty z r\u00f3\u017cnych stron \u015bwiata<\/span>\n      <\/div>\n    <\/div>\n  <\/div>\n\n  <div class=\"box section\">\n    <h2>Nie tylko ogr\u00f3d, ale prawdziwa sceneria podr\u00f3\u017cy<\/h2>\n    <p>Najwi\u0119kszy urok tego miejsca polega na tym, \u017ce nie jest to zwyk\u0142y ogr\u00f3d, w kt\u00f3rym ogl\u0105da si\u0119 kolejne rabaty i alejki. Tutaj ro\u015bliny tworz\u0105 niemal naturaln\u0105 scenografi\u0119 wpisan\u0105 w skaliste zbocze. Wysokie kaktusy, egzotyczne formy i soczysta ziele\u0144 kontrastuj\u0105 z jasnym kamieniem i b\u0142\u0119kitem nieba. To przestrze\u0144, kt\u00f3ra zachwyca o ka\u017cdej porze roku, a jednocze\u015bnie daje chwil\u0119 wytchnienia od bardziej miejskiego i szybkiego rytmu zwiedzania.<\/p>\n\n    <div class=\"quote\">Ogr\u00f3d Egzotyczny w Monako to miejsce, w kt\u00f3rym przyroda, \u015bwiat\u0142o i widoki tworz\u0105 jedn\u0105 z najbardziej klimatycznych atrakcji ca\u0142ego Lazurowego Wybrze\u017ca.<\/div>\n  <\/div>\n\n  <div class=\"box gallery-block\">\n    <h2>Galeria inspiracji<\/h2>\n    <div class=\"gallery\">\n      <img decoding=\"async\" src=\"https:\/\/wakacje-we-francji.pl\/wp-content\/uploads\/2026\/04\/2.jpeg\" alt=\"Egzotyczne ro\u015bliny w Monako\" \/>\n      <img decoding=\"async\" src=\"https:\/\/wakacje-we-francji.pl\/wp-content\/uploads\/2026\/04\/6.jpeg\" alt=\"Alejki Ogrodu Egzotycznego w Monako\" \/>\n      <img decoding=\"async\" src=\"https:\/\/wakacje-we-francji.pl\/wp-content\/uploads\/2026\/04\/unnamed1.jpeg\" alt=\"Ro\u015blinno\u015b\u0107 i krajobrazy Monako\" \/>\n    <\/div>\n  <\/div>\n\n  <div class=\"box section\">\n    <h2>Lazurowe Wybrze\u017ce w bardziej spokojnym wydaniu<\/h2>\n    <p>Ogr\u00f3d Egzotyczny w Monako to tak\u017ce \u015bwietny przyk\u0142ad tego, \u017ce Lazurowe Wybrze\u017ce ma znacznie wi\u0119cej do zaoferowania ni\u017c tylko pla\u017ce i nadmorskie promenady. To region pe\u0142en miejsc eleganckich, ale jednocze\u015bnie bardzo r\u00f3\u017cnorodnych. Wizyta w takim ogrodzie pozwala spojrze\u0107 na Monako z innej strony \u2014 bardziej spokojnej, malowniczej i bliskiej naturze. Dla wielu turyst\u00f3w to w\u0142a\u015bnie takie miejsca zostaj\u0105 w pami\u0119ci najd\u0142u\u017cej, bo \u0142\u0105cz\u0105 pi\u0119kno krajobrazu, wyj\u0105tkow\u0105 atmosfer\u0119 i poczucie odkrywania czego\u015b naprawd\u0119 niezwyk\u0142ego.<\/p>\n\n    <p>Je\u015bli marzy Ci si\u0119 wyjazd na Lazurowe Wybrze\u017ce, Ogr\u00f3d Egzotyczny w Monako zdecydowanie warto wpisa\u0107 na swoj\u0105 list\u0119. To idealne miejsce na spokojny spacer, odpoczynek od zgie\u0142ku i nacieszenie si\u0119 widokami, kt\u00f3re trudno por\u00f3wna\u0107 z czymkolwiek innym. A kiedy jedno miejsce potrafi tak skutecznie zachwyci\u0107, bardzo szybko pojawia si\u0119 ochota, by zobaczy\u0107 jeszcze wi\u0119cej tego wyj\u0105tkowego zak\u0105tka po\u0142udniowej Francji.<\/p>\n  <\/div>\n\n  <div class=\"cta-block\">\n    <div class=\"box\">\n      <h2>Pomys\u0142 na wygodny pobyt na Lazurowym Wybrze\u017cu<\/h2>\n      <p>Podczas planowania takiego pobytu warto pomy\u015ble\u0107 r\u00f3wnie\u017c o wygodnej bazie noclegowej w okolicy, szczeg\u00f3lnie je\u015bli chcesz swobodnie odkrywa\u0107 Monako i inne pere\u0142ki Lazurowego Wybrze\u017ca. Ciekaw\u0105 opcj\u0105 mog\u0105 by\u0107 obiekty francuskiej firmy Odalys, kt\u00f3re pozwalaj\u0105 po\u0142\u0105czy\u0107 komfort wypoczynku z dogodnym po\u0142o\u017ceniem blisko najwa\u017cniejszych atrakcji regionu.<\/p>\n    <\/div>\n  <\/div>\n<\/div>\t\t\t\t<\/div>\n\t\t\t\t<\/div>\n\t\t\t\t\t<\/div>\n\t\t<\/div>\n\t\t\t\t\t<\/div>\n\t\t<\/section>\n\t\t\t\t<section class=\"elementor-section elementor-top-section elementor-element elementor-element-10908ca elementor-section-boxed elementor-section-height-default elementor-section-height-default\" data-id=\"10908ca\" data-element_type=\"section\">\n\t\t\t\t\t\t<div class=\"elementor-container elementor-column-gap-default\">\n\t\t\t\t\t<div class=\"elementor-column elementor-col-100 elementor-top-column elementor-element elementor-element-96b6f6c\" data-id=\"96b6f6c\" data-element_type=\"column\">\n\t\t\t<div class=\"elementor-widget-wrap elementor-element-populated\">\n\t\t\t\t\t\t\t<\/div>\n\t\t<\/div>\n\t\t\t\t\t<\/div>\n\t\t<\/section>\n\t\t\t\t<section class=\"elementor-section elementor-top-section elementor-element elementor-element-75cb9af elementor-section-boxed elementor-section-height-default elementor-section-height-default\" data-id=\"75cb9af\" data-element_type=\"section\">\n\t\t\t\t\t\t<div class=\"elementor-container elementor-column-gap-default\">\n\t\t\t\t\t<div class=\"elementor-column elementor-col-100 elementor-top-column elementor-element elementor-element-5c723a4\" data-id=\"5c723a4\" data-element_type=\"column\">\n\t\t\t<div class=\"elementor-widget-wrap elementor-element-populated\">\n\t\t\t\t\t\t\t<\/div>\n\t\t<\/div>\n\t\t\t\t\t<\/div>\n\t\t<\/section>\n\t\t\t\t<section class=\"elementor-section elementor-top-section elementor-element elementor-element-cfdda1a elementor-section-boxed elementor-section-height-default elementor-section-height-default\" data-id=\"cfdda1a\" data-element_type=\"section\">\n\t\t\t\t\t\t<div class=\"elementor-container elementor-column-gap-default\">\n\t\t\t\t\t<div class=\"elementor-column elementor-col-100 elementor-top-column elementor-element elementor-element-a867fde\" data-id=\"a867fde\" data-element_type=\"column\">\n\t\t\t<div class=\"elementor-widget-wrap elementor-element-populated\">\n\t\t\t\t\t\t\t<\/div>\n\t\t<\/div>\n\t\t\t\t\t<\/div>\n\t\t<\/section>\n\t\t\t\t<\/div>","protected":false},"excerpt":{"rendered":"<p>Ogr\u00f3d Egzotyczny w Monako \u2013 niezwyk\u0142e miejsce z widokiem, kt\u00f3rego nie da si\u0119 zapomnie\u0107 Monako wielu osobom kojarzy si\u0119 przede wszystkim z luksusem, eleganckimi ulicami, s\u0142ynnym kasynem i widokiem drogich jacht\u00f3w w porcie. Tymczasem w tym niewielkim ksi\u0119stwie znajduje si\u0119 tak\u017ce miejsce, kt\u00f3re zachwyca zupe\u0142nie inaczej \u2014 spokojem, natur\u0105 i wyj\u0105tkowym po\u0142o\u017ceniem. Ogr\u00f3d Egzotyczny w [&hellip;]<\/p>","protected":false},"author":3,"featured_media":3784,"comment_status":"closed","ping_status":"open","sticky":false,"template":"","format":"standard","meta":{"_uag_custom_page_level_css":"","footnotes":""},"categories":[1,20],"tags":[],"class_list":["post-3779","post","type-post","status-publish","format-standard","has-post-thumbnail","hentry","category-magia-lazurowego-wybrzeza","category-poradnik"],"uagb_featured_image_src":{"full":["https:\/\/wakacje-we-francji.pl\/wp-content\/uploads\/2026\/04\/1.jpeg",1360,979,false],"thumbnail":["https:\/\/wakacje-we-francji.pl\/wp-content\/uploads\/2026\/04\/1-150x150.jpeg",150,150,true],"medium":["https:\/\/wakacje-we-francji.pl\/wp-content\/uploads\/2026\/04\/1-300x216.jpeg",300,216,true],"medium_large":["https:\/\/wakacje-we-francji.pl\/wp-content\/uploads\/2026\/04\/1-768x553.jpeg",768,553,true],"large":["https:\/\/wakacje-we-francji.pl\/wp-content\/uploads\/2026\/04\/1-1024x737.jpeg",1024,737,true],"1536x1536":["https:\/\/wakacje-we-francji.pl\/wp-content\/uploads\/2026\/04\/1.jpeg",1360,979,false],"2048x2048":["https:\/\/wakacje-we-francji.pl\/wp-content\/uploads\/2026\/04\/1.jpeg",1360,979,false],"trp-custom-language-flag":["https:\/\/wakacje-we-francji.pl\/wp-content\/uploads\/2026\/04\/1-18x12.jpeg",18,12,true]},"uagb_author_info":{"display_name":"agnieszka","author_link":"https:\/\/wakacje-we-francji.pl\/en\/author\/agnieszka\/"},"uagb_comment_info":0,"uagb_excerpt":"Ogr\u00f3d Egzotyczny w Monako \u2013 niezwyk\u0142e miejsce z widokiem, kt\u00f3rego nie da si\u0119 zapomnie\u0107 Monako wielu osobom kojarzy si\u0119 przede wszystkim z luksusem, eleganckimi ulicami, s\u0142ynnym kasynem i widokiem drogich jacht\u00f3w w porcie. Tymczasem w tym niewielkim ksi\u0119stwie znajduje si\u0119 tak\u017ce miejsce, kt\u00f3re zachwyca zupe\u0142nie inaczej \u2014 spokojem, natur\u0105 i wyj\u0105tkowym po\u0142o\u017ceniem. Ogr\u00f3d Egzotyczny w&hellip;","_links":{"self":[{"href":"https:\/\/wakacje-we-francji.pl\/en\/wp-json\/wp\/v2\/posts\/3779","targetHints":{"allow":["GET"]}}],"collection":[{"href":"https:\/\/wakacje-we-francji.pl\/en\/wp-json\/wp\/v2\/posts"}],"about":[{"href":"https:\/\/wakacje-we-francji.pl\/en\/wp-json\/wp\/v2\/types\/post"}],"author":[{"embeddable":true,"href":"https:\/\/wakacje-we-francji.pl\/en\/wp-json\/wp\/v2\/users\/3"}],"replies":[{"embeddable":true,"href":"https:\/\/wakacje-we-francji.pl\/en\/wp-json\/wp\/v2\/comments?post=3779"}],"version-history":[{"count":26,"href":"https:\/\/wakacje-we-francji.pl\/en\/wp-json\/wp\/v2\/posts\/3779\/revisions"}],"predecessor-version":[{"id":3817,"href":"https:\/\/wakacje-we-francji.pl\/en\/wp-json\/wp\/v2\/posts\/3779\/revisions\/3817"}],"wp:featuredmedia":[{"embeddable":true,"href":"https:\/\/wakacje-we-francji.pl\/en\/wp-json\/wp\/v2\/media\/3784"}],"wp:attachment":[{"href":"https:\/\/wakacje-we-francji.pl\/en\/wp-json\/wp\/v2\/media?parent=3779"}],"wp:term":[{"taxonomy":"category","embeddable":true,"href":"https:\/\/wakacje-we-francji.pl\/en\/wp-json\/wp\/v2\/categories?post=3779"},{"taxonomy":"post_tag","embeddable":true,"href":"https:\/\/wakacje-we-francji.pl\/en\/wp-json\/wp\/v2\/tags?post=3779"}],"curies":[{"name":"wp","href":"https:\/\/api.w.org\/{rel}","templated":true}]}}